{"id":3788,"date":"2025-03-02T13:26:21","date_gmt":"2025-03-02T13:26:21","guid":{"rendered":"http:\/\/lagumex.mx\/index\/?p=3788"},"modified":"2025-03-05T13:32:48","modified_gmt":"2025-03-05T13:32:48","slug":"trabaja-dif-coahuila-para-fortalecer-el-nucleo-familiar","status":"publish","type":"post","link":"https:\/\/lagumex.mx\/index\/uncategorized\/uac\/uac-uac\/coahuila-coahuila\/trabaja-dif-coahuila-para-fortalecer-el-nucleo-familiar\/","title":{"rendered":"Trabaja DIF Coahuila para fortalecer el n\u00facleo familiar"},"content":{"rendered":"\n<p>02 DE MARZO DE 2025,<strong>Francisco I. Madero, Coahuila de Zaragoza<\/strong>.- En el marco de la conmemoraci\u00f3n por el D\u00eda de la Familia en M\u00e9xico, el DIF Coahuila llev\u00f3 a cabo el 2do. Rally \u201cMi Familia, Mi Comunidad\u201d en diversos municipios de todas las regiones con el objetivo de fomentar una convivencia sana y fortalecer los valores familiares.<\/p>\n\n\n\n<p>Desde Francisco I. Madero, la presidenta honoraria del DIF Coahuila, Liliana Salinas Vald\u00e9s, destac\u00f3 que, desde la administraci\u00f3n estatal se trabaja para mejorar la calidad de vida de las familias coahuilenses con proyectos, programas y acciones que garanticen sus derechos y una vida plena.<\/p>\n\n\n\n<p>Las actividades se llevaron a cabo en coordinaci\u00f3n con los Sistemas DIF Municipales de Zaragoza, Progreso, Candela, Francisco I. Madero, Ramos Arizpe y Escobedo.<\/p>\n\n\n\n<p>En compa\u00f1\u00eda del alcalde de Francisco I. Madero, F\u00e9lix Ram\u00edrez Hern\u00e1ndez y de su esposa Denys Ortega Mora, la presidenta honoraria del DIF Coahuila, Liliana Salinas Vald\u00e9s, encabez\u00f3 los festejos desde la regi\u00f3n Laguna.<\/p>\n\n\n\n<p>\u201cEstamos muy contentos de estar en esta comunidad de Francisco I. Madero y poder convivir en familia, es a lo que nos estamos dando la tarea de hacer en nuestro estado. Coahuila es una entidad fuerte, din\u00e1mica, en donde podemos convivir en familia y podemos estar seguros\u201d.<\/p>\n\n\n\n<p>Subray\u00f3 que, para trabajar al interior de las familias, en coordinaci\u00f3n con los sistemas DIF municipales y Secretar\u00edas como la de Cultura y el Instituto Estatal del Deporte de Coahuila, llevan a cabo eventos de este tipo, para fomentar la cohesi\u00f3n familiar.<\/p>\n\n\n\n<p>\u201cNecesitamos de las mam\u00e1s, de los pap\u00e1s, de los hijos y de los abuelos para fortalecer el tejido social al interior de nuestras familias, con el amor, respeto y corresponsabilidad, las haremos m\u00e1s fuertes. Gracias por recibirnos en Lequeitio\u201d, dijo.<\/p>\n\n\n\n<p>Por su parte, F\u00e9lix Ram\u00edrez Hern\u00e1ndez, Alcalde de Francisco I. Madero agradeci\u00f3 a la Se\u00f1ora Liliana Salinas su presencia y agradeci\u00f3 al Gobernador Manolo Jim\u00e9nez Salinas por la coordinaci\u00f3n para realizar este tipo de eventos.<\/p>\n","protected":false},"excerpt":{"rendered":"<p>02 DE MARZO DE 2025,Francisco I. Madero, Coahuila de Zaragoza.- En el marco de la conmemoraci\u00f3n por el D\u00eda de la Familia en M\u00e9xico, el DIF Coahuila llev\u00f3 a cabo el 2do. Rally \u201cMi Familia, Mi Comunidad\u201d en diversos municipios de todas las regiones con el objetivo de fomentar una convivencia sana y fortalecer los&#8230;<\/p>\n","protected":false},"author":1,"featured_media":3789,"comment_status":"open","ping_status":"open","sticky":false,"template":"","format":"standard","meta":{"footnotes":""},"categories":[2],"tags":[],"class_list":["post-3788","post","type-post","status-publish","format-standard","has-post-thumbnail","hentry","category-coahuila-coahuila"],"_links":{"self":[{"href":"https:\/\/lagumex.mx\/index\/wp-json\/wp\/v2\/posts\/3788","targetHints":{"allow":["GET"]}}],"collection":[{"href":"https:\/\/lagumex.mx\/index\/wp-json\/wp\/v2\/posts"}],"about":[{"href":"https:\/\/lagumex.mx\/index\/wp-json\/wp\/v2\/types\/post"}],"author":[{"embeddable":true,"href":"https:\/\/lagumex.mx\/index\/wp-json\/wp\/v2\/users\/1"}],"replies":[{"embeddable":true,"href":"https:\/\/lagumex.mx\/index\/wp-json\/wp\/v2\/comments?post=3788"}],"version-history":[{"count":1,"href":"https:\/\/lagumex.mx\/index\/wp-json\/wp\/v2\/posts\/3788\/revisions"}],"predecessor-version":[{"id":3790,"href":"https:\/\/lagumex.mx\/index\/wp-json\/wp\/v2\/posts\/3788\/revisions\/3790"}],"wp:featuredmedia":[{"embeddable":true,"href":"https:\/\/lagumex.mx\/index\/wp-json\/wp\/v2\/media\/3789"}],"wp:attachment":[{"href":"https:\/\/lagumex.mx\/index\/wp-json\/wp\/v2\/media?parent=3788"}],"wp:term":[{"taxonomy":"category","embeddable":true,"href":"https:\/\/lagumex.mx\/index\/wp-json\/wp\/v2\/categories?post=3788"},{"taxonomy":"post_tag","embeddable":true,"href":"https:\/\/lagumex.mx\/index\/wp-json\/wp\/v2\/tags?post=3788"}],"curies":[{"name":"wp","href":"https:\/\/api.w.org\/{rel}","templated":true}]}}