{"id":3780,"date":"2025-02-28T18:15:00","date_gmt":"2025-02-28T18:15:00","guid":{"rendered":"http:\/\/lagumex.mx\/index\/?p=3780"},"modified":"2025-03-03T18:16:23","modified_gmt":"2025-03-03T18:16:23","slug":"aprueba-cabildo-de-lerdo-licencia-de-la-sindica-municipal-alina-rivera","status":"publish","type":"post","link":"https:\/\/lagumex.mx\/index\/lerdo\/aprueba-cabildo-de-lerdo-licencia-de-la-sindica-municipal-alina-rivera\/","title":{"rendered":"Aprueba Cabildo de Lerdo licencia de la s\u00edndica municipal, Alina Rivera"},"content":{"rendered":"\n<p>28 de febrero de 2025.- <strong>El Cabildo aprob\u00f3 por unanimidad la solicitud de la S\u00edndico Municipal Alina Arlette Rivera Qui\u00f1ones, de licencia por tiempo indefinido sin goce de sueldo, para separase del cargo en funci\u00f3n y de las obligaciones que actualmente desempe\u00f1a, la cual ser\u00e1 del 01 al 31 de marzo del presente a\u00f1o.<\/strong> Durante la sesi\u00f3n de Cabildo tambi\u00e9n se incorpor\u00f3 la ciudadana Jessica Jazm\u00edn Guillen Espinoza como sexta regidora, en sustituci\u00f3n de la regidora propietaria Ana Mar\u00eda Dur\u00f3n P\u00e9rez. Al cierre del mes de febrero, son los \u00fanicos dos movimientos al interior del Cabildo de Lerdo. Respecto a c\u00f3mo considera que se pueda dar este proceso interno del PAN ante la efervescencia pol\u00edtica que se genera en tiempos previos a las elecciones mencion\u00f3 que consider\u00f3 que: \u00abSer\u00e1 un proceso en donde se respetar\u00e1n los tiempos y sobre todo las formas, independientemente de las diferentes opiniones que se han manifestado anteriormente interior de nuestro partido\u00bb.<\/p>\n","protected":false},"excerpt":{"rendered":"<p>28 de febrero de 2025.- El Cabildo aprob\u00f3 por unanimidad la solicitud de la S\u00edndico Municipal Alina Arlette Rivera Qui\u00f1ones, de licencia por tiempo indefinido sin goce de sueldo, para separase del cargo en funci\u00f3n y de las obligaciones que actualmente desempe\u00f1a, la cual ser\u00e1 del 01 al 31 de marzo del presente a\u00f1o. Durante&#8230;<\/p>\n","protected":false},"author":1,"featured_media":0,"comment_status":"open","ping_status":"open","sticky":false,"template":"","format":"standard","meta":{"footnotes":""},"categories":[3],"tags":[],"class_list":["post-3780","post","type-post","status-publish","format-standard","hentry","category-lerdo"],"_links":{"self":[{"href":"https:\/\/lagumex.mx\/index\/wp-json\/wp\/v2\/posts\/3780","targetHints":{"allow":["GET"]}}],"collection":[{"href":"https:\/\/lagumex.mx\/index\/wp-json\/wp\/v2\/posts"}],"about":[{"href":"https:\/\/lagumex.mx\/index\/wp-json\/wp\/v2\/types\/post"}],"author":[{"embeddable":true,"href":"https:\/\/lagumex.mx\/index\/wp-json\/wp\/v2\/users\/1"}],"replies":[{"embeddable":true,"href":"https:\/\/lagumex.mx\/index\/wp-json\/wp\/v2\/comments?post=3780"}],"version-history":[{"count":2,"href":"https:\/\/lagumex.mx\/index\/wp-json\/wp\/v2\/posts\/3780\/revisions"}],"predecessor-version":[{"id":3782,"href":"https:\/\/lagumex.mx\/index\/wp-json\/wp\/v2\/posts\/3780\/revisions\/3782"}],"wp:attachment":[{"href":"https:\/\/lagumex.mx\/index\/wp-json\/wp\/v2\/media?parent=3780"}],"wp:term":[{"taxonomy":"category","embeddable":true,"href":"https:\/\/lagumex.mx\/index\/wp-json\/wp\/v2\/categories?post=3780"},{"taxonomy":"post_tag","embeddable":true,"href":"https:\/\/lagumex.mx\/index\/wp-json\/wp\/v2\/tags?post=3780"}],"curies":[{"name":"wp","href":"https:\/\/api.w.org\/{rel}","templated":true}]}}