{"id":3776,"date":"2025-02-20T02:50:17","date_gmt":"2025-02-20T02:50:17","guid":{"rendered":"http:\/\/lagumex.mx\/index\/?p=3776"},"modified":"2025-02-21T02:51:29","modified_gmt":"2025-02-21T02:51:29","slug":"respalda-pleno-del-congreso-del-estado-a-esteban-villegas","status":"publish","type":"post","link":"https:\/\/lagumex.mx\/index\/uncategorized\/congreso-de-durango\/respalda-pleno-del-congreso-del-estado-a-esteban-villegas\/","title":{"rendered":"Respalda pleno del Congreso del Estado a Esteban Villegas"},"content":{"rendered":"\n<p>20 de febrero de 2025.- Los grupos y fracciones parlamentarias de todos los partidos en el Congreso del Estado, se sumaron a las manifestaciones de rechazo a las calumnias y a la guerra sucia que se ha venido desarrollando en redes sociales en los \u00faltimos d\u00edas y manifestaron su apoyo al gobernador Esteban Villegas Villarreal y a su familia.<\/p>\n\n\n\n<p>El diputado del PRI Noel Fern\u00e1ndez Maturino, luego de \u201ccerrar filas con el gobernador, con la persona, el ser humano y su familia\u201d, llam\u00f3 a todos los diputados a no avalar con su silencio este tipo de conductas, que son nocivas para la sana convivencia social.<\/p>\n\n\n\n<p>En ese sentido, el legislador del GP-Morena, el diputado Alejandro Mata Valadez, asegur\u00f3 no tener dudas que sus compa\u00f1eras y compa\u00f1eros de bancada, se suman a no permitir que se enrarezca el ambiente pol\u00edtico.<\/p>\n\n\n\n<p>\u201cAmpliamos, no solo en la figura del se\u00f1or gobernador, sino en la de cualquier ciudadano, cualquier actor pol\u00edtico, rechazamos tajantemente agresiones a trav\u00e9s de las redes o a trav\u00e9s de manifestaciones o tomas simuladas\u201d, agreg\u00f3 el diputado Mata Valadez.<\/p>\n\n\n\n<p>Por su parte, el diputado de Movimiento Ciudadano, Mart\u00edn Vivanco Lira, tras expresar su apoyo al mandatario y su familia, expres\u00f3 su disposici\u00f3n a actuar con responsabilidad \u201cviene una contienda electoral, en las que, espero, se den a conocer propuestas y no intimidaciones y que la gente se sienta segura\u201d.<\/p>\n\n\n\n<p>En su oportunidad, los coordinadores de los grupos parlamentarios del PRI y del PAN, Ernesto Alan\u00eds Herrera y Alejandro Mojica Narv\u00e1ez, respectivamente, rechazaron todo tipo de acciones que pongan en riesgo la integridad de las personas, incluido de quien tiene la responsabilidad de liderar los esfuerzos del estado.<\/p>\n","protected":false},"excerpt":{"rendered":"<p>20 de febrero de 2025.- Los grupos y fracciones parlamentarias de todos los partidos en el Congreso del Estado, se sumaron a las manifestaciones de rechazo a las calumnias y a la guerra sucia que se ha venido desarrollando en redes sociales en los \u00faltimos d\u00edas y manifestaron su apoyo al gobernador Esteban Villegas Villarreal&#8230;<\/p>\n","protected":false},"author":1,"featured_media":3777,"comment_status":"open","ping_status":"open","sticky":false,"template":"","format":"standard","meta":{"footnotes":""},"categories":[13],"tags":[],"class_list":["post-3776","post","type-post","status-publish","format-standard","has-post-thumbnail","hentry","category-congreso-de-durango"],"_links":{"self":[{"href":"https:\/\/lagumex.mx\/index\/wp-json\/wp\/v2\/posts\/3776","targetHints":{"allow":["GET"]}}],"collection":[{"href":"https:\/\/lagumex.mx\/index\/wp-json\/wp\/v2\/posts"}],"about":[{"href":"https:\/\/lagumex.mx\/index\/wp-json\/wp\/v2\/types\/post"}],"author":[{"embeddable":true,"href":"https:\/\/lagumex.mx\/index\/wp-json\/wp\/v2\/users\/1"}],"replies":[{"embeddable":true,"href":"https:\/\/lagumex.mx\/index\/wp-json\/wp\/v2\/comments?post=3776"}],"version-history":[{"count":1,"href":"https:\/\/lagumex.mx\/index\/wp-json\/wp\/v2\/posts\/3776\/revisions"}],"predecessor-version":[{"id":3778,"href":"https:\/\/lagumex.mx\/index\/wp-json\/wp\/v2\/posts\/3776\/revisions\/3778"}],"wp:featuredmedia":[{"embeddable":true,"href":"https:\/\/lagumex.mx\/index\/wp-json\/wp\/v2\/media\/3777"}],"wp:attachment":[{"href":"https:\/\/lagumex.mx\/index\/wp-json\/wp\/v2\/media?parent=3776"}],"wp:term":[{"taxonomy":"category","embeddable":true,"href":"https:\/\/lagumex.mx\/index\/wp-json\/wp\/v2\/categories?post=3776"},{"taxonomy":"post_tag","embeddable":true,"href":"https:\/\/lagumex.mx\/index\/wp-json\/wp\/v2\/tags?post=3776"}],"curies":[{"name":"wp","href":"https:\/\/api.w.org\/{rel}","templated":true}]}}