{"id":3760,"date":"2025-02-10T14:51:55","date_gmt":"2025-02-10T14:51:55","guid":{"rendered":"http:\/\/lagumex.mx\/index\/?p=3760"},"modified":"2025-02-11T14:54:26","modified_gmt":"2025-02-11T14:54:26","slug":"esteban-y-homero-siguen-cambiando-vidas-en-lerdo-entregan-centro-de-salud-municipal-en-ejido-seis-de-enero","status":"publish","type":"post","link":"https:\/\/lagumex.mx\/index\/lerdo\/esteban-y-homero-siguen-cambiando-vidas-en-lerdo-entregan-centro-de-salud-municipal-en-ejido-seis-de-enero\/","title":{"rendered":"Esteban y Homero siguen cambiando vidas en Lerdo; entregan Centro de Salud Municipal en ejido Seis de Enero"},"content":{"rendered":"\n<p>10 de febrero de 2025, Lerdo, Durango.-<strong>\u00a0\u201cUn Centro de Salud transforma vidas\u201d<\/strong>, as\u00ed lo dej\u00f3 en claro el gobernador\u00a0<strong>Esteban Villegas Villarreal<\/strong>\u00a0al entregar junto al presidente municipal de Lerdo,\u00a0<strong>Homero Mart\u00ednez Cabrera<\/strong>, un nuevo espacio para que las familias del ejido Seis de Enero y comunidades aleda\u00f1as,\u00a0<strong>prevengan enfermedades<\/strong>\u00a0y\u00a0<strong>cuiden su salud.<\/strong> \u201cEstamos muy contentos porque esta es una obra que nos h<strong>ab\u00eda pedido mucho la gente<\/strong>, tanto del Seis de Enero como de El Rayo; este Centro de Salud habr\u00e1 de servirles mucho para atender los\u00a0<strong>temas ambulatorios<\/strong>\u00a0y con eso permita controlar la presi\u00f3n, el az\u00facar, poner inyecciones, atender la gripe\u201d, dijo el alcalde Homero Mart\u00ednez y agradeci\u00f3 que el Gobernador\u00a0<strong>atienda<\/strong>\u00a0las necesidades de la gente, sobre todo porque este Centro de Salud servir\u00e1 tambi\u00e9n a los habitantes de comunidades como\u00a0<strong>Los \u00c1ngeles, Le\u00f3n Guzm\u00e1n, entre otras.<\/strong><\/p>\n","protected":false},"excerpt":{"rendered":"<p>10 de febrero de 2025, Lerdo, Durango.-\u00a0\u201cUn Centro de Salud transforma vidas\u201d, as\u00ed lo dej\u00f3 en claro el gobernador\u00a0Esteban Villegas Villarreal\u00a0al entregar junto al presidente municipal de Lerdo,\u00a0Homero Mart\u00ednez Cabrera, un nuevo espacio para que las familias del ejido Seis de Enero y comunidades aleda\u00f1as,\u00a0prevengan enfermedades\u00a0y\u00a0cuiden su salud. \u201cEstamos muy contentos porque esta es una&#8230;<\/p>\n","protected":false},"author":1,"featured_media":3761,"comment_status":"open","ping_status":"open","sticky":false,"template":"","format":"standard","meta":{"footnotes":""},"categories":[3],"tags":[],"class_list":["post-3760","post","type-post","status-publish","format-standard","has-post-thumbnail","hentry","category-lerdo"],"_links":{"self":[{"href":"https:\/\/lagumex.mx\/index\/wp-json\/wp\/v2\/posts\/3760","targetHints":{"allow":["GET"]}}],"collection":[{"href":"https:\/\/lagumex.mx\/index\/wp-json\/wp\/v2\/posts"}],"about":[{"href":"https:\/\/lagumex.mx\/index\/wp-json\/wp\/v2\/types\/post"}],"author":[{"embeddable":true,"href":"https:\/\/lagumex.mx\/index\/wp-json\/wp\/v2\/users\/1"}],"replies":[{"embeddable":true,"href":"https:\/\/lagumex.mx\/index\/wp-json\/wp\/v2\/comments?post=3760"}],"version-history":[{"count":1,"href":"https:\/\/lagumex.mx\/index\/wp-json\/wp\/v2\/posts\/3760\/revisions"}],"predecessor-version":[{"id":3762,"href":"https:\/\/lagumex.mx\/index\/wp-json\/wp\/v2\/posts\/3760\/revisions\/3762"}],"wp:featuredmedia":[{"embeddable":true,"href":"https:\/\/lagumex.mx\/index\/wp-json\/wp\/v2\/media\/3761"}],"wp:attachment":[{"href":"https:\/\/lagumex.mx\/index\/wp-json\/wp\/v2\/media?parent=3760"}],"wp:term":[{"taxonomy":"category","embeddable":true,"href":"https:\/\/lagumex.mx\/index\/wp-json\/wp\/v2\/categories?post=3760"},{"taxonomy":"post_tag","embeddable":true,"href":"https:\/\/lagumex.mx\/index\/wp-json\/wp\/v2\/tags?post=3760"}],"curies":[{"name":"wp","href":"https:\/\/api.w.org\/{rel}","templated":true}]}}