{"id":376,"date":"2023-07-01T17:14:59","date_gmt":"2023-07-01T17:14:59","guid":{"rendered":"http:\/\/lagumex.mx\/index\/?p=376"},"modified":"2023-07-01T17:14:59","modified_gmt":"2023-07-01T17:14:59","slug":"supervisa-homero-martinez-trabajos-de-rehabilitacion-del-panteon-principal","status":"publish","type":"post","link":"https:\/\/lagumex.mx\/index\/lerdo\/supervisa-homero-martinez-trabajos-de-rehabilitacion-del-panteon-principal\/","title":{"rendered":"Supervisa Homero Mart\u00ednez trabajos de rehabilitaci\u00f3n del Pante\u00f3n Principal"},"content":{"rendered":"\n<h2 class=\"wp-block-heading\">Con el objetivo de mejorar la imagen y brindar mayor seguridad a este espacio<\/h2>\n\n\n\n<p>30 de junio de 2023. El Presidente Municipal Homero Mart\u00ednez Cabrera, acudi\u00f3 al Pante\u00f3n Municipal de Ciudad Lerdo para supervisar el inicio de los trabajos de rehabilitaci\u00f3n, construcci\u00f3n de barda perimetral y ampliaci\u00f3n del mismo, que se realizar\u00e1n con una inversi\u00f3n de 3.2 millones de pesos.<\/p>\n\n\n\n<p>Con el objetivo de mejorar la imagen y brindar mayor seguridad a este espacio, se efect\u00faa la cimentaci\u00f3n de barda perimetral con muro de block, la construcci\u00f3n de banqueta de concreto con acabados de malla europea, pintura, puertas de acceso y techumbre de descanso.<\/p>\n\n\n\n<p>Cabe hacer menci\u00f3n que este proyecto fue anunciado por el Alcalde Homero Mart\u00ednez, en compa\u00f1\u00eda del Gobernador del Estado, Esteban Villegas, donde resaltaron que este tipo de obras dignifican la calidad de los espacios p\u00fablicos, sobre todo un punto muy especial para las miles de familias que acuden a visitar a sus fieles difuntos.<\/p>\n","protected":false},"excerpt":{"rendered":"<p>Con el objetivo de mejorar la imagen y brindar mayor seguridad a este espacio 30 de junio de 2023. El Presidente Municipal Homero Mart\u00ednez Cabrera, acudi\u00f3 al Pante\u00f3n Municipal de Ciudad Lerdo para supervisar el inicio de los trabajos de rehabilitaci\u00f3n, construcci\u00f3n de barda perimetral y ampliaci\u00f3n del mismo, que se realizar\u00e1n con una inversi\u00f3n&#8230;<\/p>\n","protected":false},"author":1,"featured_media":377,"comment_status":"open","ping_status":"open","sticky":false,"template":"","format":"standard","meta":{"footnotes":""},"categories":[3],"tags":[],"class_list":["post-376","post","type-post","status-publish","format-standard","has-post-thumbnail","hentry","category-lerdo"],"_links":{"self":[{"href":"https:\/\/lagumex.mx\/index\/wp-json\/wp\/v2\/posts\/376","targetHints":{"allow":["GET"]}}],"collection":[{"href":"https:\/\/lagumex.mx\/index\/wp-json\/wp\/v2\/posts"}],"about":[{"href":"https:\/\/lagumex.mx\/index\/wp-json\/wp\/v2\/types\/post"}],"author":[{"embeddable":true,"href":"https:\/\/lagumex.mx\/index\/wp-json\/wp\/v2\/users\/1"}],"replies":[{"embeddable":true,"href":"https:\/\/lagumex.mx\/index\/wp-json\/wp\/v2\/comments?post=376"}],"version-history":[{"count":1,"href":"https:\/\/lagumex.mx\/index\/wp-json\/wp\/v2\/posts\/376\/revisions"}],"predecessor-version":[{"id":378,"href":"https:\/\/lagumex.mx\/index\/wp-json\/wp\/v2\/posts\/376\/revisions\/378"}],"wp:featuredmedia":[{"embeddable":true,"href":"https:\/\/lagumex.mx\/index\/wp-json\/wp\/v2\/media\/377"}],"wp:attachment":[{"href":"https:\/\/lagumex.mx\/index\/wp-json\/wp\/v2\/media?parent=376"}],"wp:term":[{"taxonomy":"category","embeddable":true,"href":"https:\/\/lagumex.mx\/index\/wp-json\/wp\/v2\/categories?post=376"},{"taxonomy":"post_tag","embeddable":true,"href":"https:\/\/lagumex.mx\/index\/wp-json\/wp\/v2\/tags?post=376"}],"curies":[{"name":"wp","href":"https:\/\/api.w.org\/{rel}","templated":true}]}}