{"id":3754,"date":"2025-02-09T14:48:40","date_gmt":"2025-02-09T14:48:40","guid":{"rendered":"http:\/\/lagumex.mx\/index\/?p=3754"},"modified":"2025-02-11T14:49:50","modified_gmt":"2025-02-11T14:49:50","slug":"gobierno-de-esteban-impulsa-la-reinsercion-social-con-el-programa-reconecta-con-la-paz","status":"publish","type":"post","link":"https:\/\/lagumex.mx\/index\/durango\/gobierno-de-esteban-impulsa-la-reinsercion-social-con-el-programa-reconecta-con-la-paz\/","title":{"rendered":"Gobierno de Esteban impulsa la reinserci\u00f3n social con el programa \u201cReconecta con La Paz\u201d"},"content":{"rendered":"\n<p>09 de febrero de 2025.-De la mano con esta estrategia federal busca brindar segundas oportunidades a j\u00f3venes en situaci\u00f3n de riesgo.<\/p>\n\n\n\n<p>Con el compromiso de construir un estado m\u00e1s seguro y con mayores oportunidades, el gobernador Esteban Villegas Villarreal sostuvo una reuni\u00f3n con el equipo de la Subsecretar\u00eda de Prevenci\u00f3n de la Violencia y el Delito en M\u00e9xico para abordar la estrategia de intervenci\u00f3n terciaria, una medida clave para reducir la reincidencia delictiva y romper los ciclos de violencia comunitaria.<\/p>\n\n\n\n<p>\u201cTrabajamos en soluciones concretas para garantizar un entorno m\u00e1s seguro y justo para todos. Seguimos adelante con compromiso y acciones firmes\u201d, expres\u00f3 el mandatario.<\/p>\n\n\n\n<p>Como parte de estas acciones, el Gobierno Estatal impulsa el programa \u201cReconecta con La Paz\u201d, una iniciativa federal enfocada en prevenir la reincidencia delictiva y brindar nuevas oportunidades a j\u00f3venes en situaci\u00f3n de riesgo. Durante la presentaci\u00f3n, H\u00e9ctor Vela Valenzuela, secretario general de Gobierno, en representaci\u00f3n del gobernador, asegur\u00f3 que Durango respalda totalmente esta estrategia.<\/p>\n\n\n\n<p>\u201cCuenten con Durango, cuenten con el gobernador Esteban Villegas, cuenten con todo este equipo, porque estamos seguros que esta estrategia que hoy presentan en Durango habr\u00e1 de ser exitosamente replicada\u201d, afirm\u00f3.<\/p>\n\n\n\n<p>En este contexto, la subsecretaria de Prevenci\u00f3n de las Violencias, Estela Dami\u00e1n Peralta, destac\u00f3 la importancia de brindar una primera oportunidad a los j\u00f3venes en situaci\u00f3n de vulnerabilidad.<\/p>\n\n\n\n<p>\u201cEstos j\u00f3venes no han tenido reconocimientos, no han tenido una primera oportunidad en la sociedad, en sus familias, en su entorno. Aqu\u00ed lo que se busca es que en todo momento nos vean como su apoyo, como su familia\u201d, explic\u00f3.<\/p>\n\n\n\n<p>En si intervenci\u00f3n, el secretario de Seguridad P\u00fablica del Estado, \u00d3scar Galv\u00e1n Villarreal, enfatiz\u00f3 que la seguridad es una responsabilidad compartida y que Durango ha asumido con seriedad la implementaci\u00f3n de programas preventivos.<\/p>\n\n\n\n<p>\u201cDesde el primer d\u00eda que fuimos convocados, vimos con benepl\u00e1cito la invitaci\u00f3n a sumarnos como un estado responsable a la estrategia de prevenci\u00f3n terciaria que encabeza nuestra presidenta de M\u00e9xico, la doctora Claudia Sheinbaum Pardo\u201d, declar\u00f3.<\/p>\n\n\n\n<p>\u201cDurango renace con honor, con lealtad y con disciplina\u201d, concluy\u00f3 Galv\u00e1n Villarreal, subrayando la importancia de la coordinaci\u00f3n entre distintos sectores para garantizar el \u00e9xito del programa en la entidad.<\/p>\n","protected":false},"excerpt":{"rendered":"<p>09 de febrero de 2025.-De la mano con esta estrategia federal busca brindar segundas oportunidades a j\u00f3venes en situaci\u00f3n de riesgo. Con el compromiso de construir un estado m\u00e1s seguro y con mayores oportunidades, el gobernador Esteban Villegas Villarreal sostuvo una reuni\u00f3n con el equipo de la Subsecretar\u00eda de Prevenci\u00f3n de la Violencia y el&#8230;<\/p>\n","protected":false},"author":1,"featured_media":3755,"comment_status":"open","ping_status":"open","sticky":false,"template":"","format":"standard","meta":{"footnotes":""},"categories":[1],"tags":[],"class_list":["post-3754","post","type-post","status-publish","format-standard","has-post-thumbnail","hentry","category-durango"],"_links":{"self":[{"href":"https:\/\/lagumex.mx\/index\/wp-json\/wp\/v2\/posts\/3754","targetHints":{"allow":["GET"]}}],"collection":[{"href":"https:\/\/lagumex.mx\/index\/wp-json\/wp\/v2\/posts"}],"about":[{"href":"https:\/\/lagumex.mx\/index\/wp-json\/wp\/v2\/types\/post"}],"author":[{"embeddable":true,"href":"https:\/\/lagumex.mx\/index\/wp-json\/wp\/v2\/users\/1"}],"replies":[{"embeddable":true,"href":"https:\/\/lagumex.mx\/index\/wp-json\/wp\/v2\/comments?post=3754"}],"version-history":[{"count":1,"href":"https:\/\/lagumex.mx\/index\/wp-json\/wp\/v2\/posts\/3754\/revisions"}],"predecessor-version":[{"id":3756,"href":"https:\/\/lagumex.mx\/index\/wp-json\/wp\/v2\/posts\/3754\/revisions\/3756"}],"wp:featuredmedia":[{"embeddable":true,"href":"https:\/\/lagumex.mx\/index\/wp-json\/wp\/v2\/media\/3755"}],"wp:attachment":[{"href":"https:\/\/lagumex.mx\/index\/wp-json\/wp\/v2\/media?parent=3754"}],"wp:term":[{"taxonomy":"category","embeddable":true,"href":"https:\/\/lagumex.mx\/index\/wp-json\/wp\/v2\/categories?post=3754"},{"taxonomy":"post_tag","embeddable":true,"href":"https:\/\/lagumex.mx\/index\/wp-json\/wp\/v2\/tags?post=3754"}],"curies":[{"name":"wp","href":"https:\/\/api.w.org\/{rel}","templated":true}]}}