{"id":3736,"date":"2025-02-01T16:48:31","date_gmt":"2025-02-01T16:48:31","guid":{"rendered":"http:\/\/lagumex.mx\/index\/?p=3736"},"modified":"2025-02-04T16:49:39","modified_gmt":"2025-02-04T16:49:39","slug":"el-lunes-suspenderan-actividades-en-la-presidencia-municipal-de-lerdo","status":"publish","type":"post","link":"https:\/\/lagumex.mx\/index\/lerdo\/el-lunes-suspenderan-actividades-en-la-presidencia-municipal-de-lerdo\/","title":{"rendered":"El lunes suspender\u00e1n actividades en la Presidencia Municipal de Lerdo"},"content":{"rendered":"\n<p>01 de febrero de 2025.- Aunque la conmemoraci\u00f3n es el 5 de febrero, pero como ya se sabe el d\u00eda feriado o no laborable se recorri\u00f3. Se puntualiz\u00f3 que, por la naturaleza de sus funciones el personal operativo, como Seguridad P\u00fablica Municipal, Salud Municipal, Protecci\u00f3n Civil y Bomberos, se mantendr\u00e1n atento las 24 horas a los reportes ciudadanos, que se realicen por medio de la l\u00ednea telef\u00f3nica 911. <strong>En el Departamento de Recursos Humanos, del municipio Lerdo, se dio a conocer que el pr\u00f3ximo lunes 03 de febrero del presente a\u00f1o, el personal administrativo que presta sus servicios en el Ayuntamiento no laborar\u00e1, ya que aunque la conmemoraci\u00f3n de la Promulgaci\u00f3n de la Constituci\u00f3n Pol\u00edtica de los Estados Unidos Mexicanos.<\/strong>De acuerdo a la Ley Federal del Trabajo, se establece como inh\u00e1bil o descanso obligatorio dicha conmemoraci\u00f3n y aunque le fecha de la celebraci\u00f3n es el 5 de febrero, como ya se sabe en el calendario oficial que las autoridades establecen, se recorre el d\u00eda no laborable para el d\u00eda 3.<\/p>\n\n\n\n<p>Se dio a conocer que las actividades en la Administraci\u00f3n Municipal, se retoman el martes, en un horario de 8:00 de la ma\u00f1ana a 4:00 de la tarde, con atenci\u00f3n normal a la ciudadan\u00eda para sus tr\u00e1mites y diligencias.<\/p>\n","protected":false},"excerpt":{"rendered":"<p>01 de febrero de 2025.- Aunque la conmemoraci\u00f3n es el 5 de febrero, pero como ya se sabe el d\u00eda feriado o no laborable se recorri\u00f3. Se puntualiz\u00f3 que, por la naturaleza de sus funciones el personal operativo, como Seguridad P\u00fablica Municipal, Salud Municipal, Protecci\u00f3n Civil y Bomberos, se mantendr\u00e1n atento las 24 horas a&#8230;<\/p>\n","protected":false},"author":1,"featured_media":3737,"comment_status":"open","ping_status":"open","sticky":false,"template":"","format":"standard","meta":{"footnotes":""},"categories":[3],"tags":[],"class_list":["post-3736","post","type-post","status-publish","format-standard","has-post-thumbnail","hentry","category-lerdo"],"_links":{"self":[{"href":"https:\/\/lagumex.mx\/index\/wp-json\/wp\/v2\/posts\/3736","targetHints":{"allow":["GET"]}}],"collection":[{"href":"https:\/\/lagumex.mx\/index\/wp-json\/wp\/v2\/posts"}],"about":[{"href":"https:\/\/lagumex.mx\/index\/wp-json\/wp\/v2\/types\/post"}],"author":[{"embeddable":true,"href":"https:\/\/lagumex.mx\/index\/wp-json\/wp\/v2\/users\/1"}],"replies":[{"embeddable":true,"href":"https:\/\/lagumex.mx\/index\/wp-json\/wp\/v2\/comments?post=3736"}],"version-history":[{"count":1,"href":"https:\/\/lagumex.mx\/index\/wp-json\/wp\/v2\/posts\/3736\/revisions"}],"predecessor-version":[{"id":3738,"href":"https:\/\/lagumex.mx\/index\/wp-json\/wp\/v2\/posts\/3736\/revisions\/3738"}],"wp:featuredmedia":[{"embeddable":true,"href":"https:\/\/lagumex.mx\/index\/wp-json\/wp\/v2\/media\/3737"}],"wp:attachment":[{"href":"https:\/\/lagumex.mx\/index\/wp-json\/wp\/v2\/media?parent=3736"}],"wp:term":[{"taxonomy":"category","embeddable":true,"href":"https:\/\/lagumex.mx\/index\/wp-json\/wp\/v2\/categories?post=3736"},{"taxonomy":"post_tag","embeddable":true,"href":"https:\/\/lagumex.mx\/index\/wp-json\/wp\/v2\/tags?post=3736"}],"curies":[{"name":"wp","href":"https:\/\/api.w.org\/{rel}","templated":true}]}}