{"id":3704,"date":"2025-01-26T16:31:00","date_gmt":"2025-01-26T16:31:00","guid":{"rendered":"http:\/\/lagumex.mx\/index\/?p=3704"},"modified":"2025-02-04T16:32:59","modified_gmt":"2025-02-04T16:32:59","slug":"va-durango-por-la-salud-y-el-deporte-se-suma-a-la-clase-nacional-de-boxeo-el-proximo-6-de-abril","status":"publish","type":"post","link":"https:\/\/lagumex.mx\/index\/durango\/va-durango-por-la-salud-y-el-deporte-se-suma-a-la-clase-nacional-de-boxeo-el-proximo-6-de-abril\/","title":{"rendered":"Va Durango por la salud y el deporte; se suma a la clase nacional de boxeo el pr\u00f3ximo 6 de abril"},"content":{"rendered":"\n<p>26 de enero de 2025.- Entidad es de las primeras en unirse a la iniciativa del Plan Nacional de Promoci\u00f3n al Deporte y Bienestar.\u00a0<\/p>\n\n\n\n<p>Para seguir impulsando la salud y el deporte, Durango se suma a la Clase Nacional de Boxeo el pr\u00f3ximo 6 de abril, donde todo el pa\u00eds se va a unir con la misma bandera de la paz y la construcci\u00f3n de M\u00e9xico, as\u00ed lo dieron a conocer el gobernador Esteban Villegas Villarreal y el titular de la Direcci\u00f3n Nacional de Promoci\u00f3n al Deporte y Bienestar, Miguel Torruco Garza.<\/p>\n\n\n\n<p>Al signar el cintur\u00f3n emblem\u00e1tico para la paz y la construcci\u00f3n del pa\u00eds, el Mandatario Duranguense agradeci\u00f3 a la&nbsp;&nbsp;Presidenta Claudia Sheinbaum por&nbsp;&nbsp;hacer realidad esta estrategia deportiva en Durango, \u201cnosotros la vamos a hacer aqu\u00ed en la plaza IV Centenario, es un gran reto y me gusta mucho que empiecen con esta din\u00e1mica del deporte, hay que meterle recurso, hay que involucrar a los j\u00f3venes, a los ni\u00f1os, a los adultos mayores, vale mucho la pena para poder sacar a los j\u00f3venes de las drogas y del uso excesivo del tel\u00e9fono\u201d, consider\u00f3.<\/p>\n\n\n\n<p>Villegas Villarreal agreg\u00f3 que el Gobierno Federal cuenta con el apoyo del Gobierno de Durango para no solamente llevar a cabo esta clase que se desarrollara en el marco del&nbsp;D\u00eda Internacional del Deporte para el Desarrollo y la Paz, sino el impulso de proyectos que promuevan el deporte comunitario en todo el pa\u00eds.<\/p>\n\n\n\n<p>\u201cNos vamos a encargar de hacer campeones de vida\u201d, asegur\u00f3 el titular de Promoci\u00f3n al Deporte y Bienestar, Miguel Torruco Garza al agradecer la disposici\u00f3n del gobernador de Durango e invit\u00f3 a todas a las familias a sumarse a esta gran actividad que se llevar\u00e1 a cabo de manera simult\u00e1nea en todo M\u00e9xico, el pr\u00f3ximo 6 de abril.<\/p>\n\n\n\n<p>Como muestra de que Durango est\u00e1 comprometido con el deporte y la salud de su gente, se llev\u00f3 a cabo una clase muestra de boxeo en el auditorio de la&nbsp;Benem\u00e9rita y Centenaria Escuela Normal del Estado de Durango (Bycened), donde participaron con entusiasmo cientos de ni\u00f1os y j\u00f3venes estudiantes.<\/p>\n","protected":false},"excerpt":{"rendered":"<p>26 de enero de 2025.- Entidad es de las primeras en unirse a la iniciativa del Plan Nacional de Promoci\u00f3n al Deporte y Bienestar.\u00a0 Para seguir impulsando la salud y el deporte, Durango se suma a la Clase Nacional de Boxeo el pr\u00f3ximo 6 de abril, donde todo el pa\u00eds se va a unir con&#8230;<\/p>\n","protected":false},"author":1,"featured_media":3705,"comment_status":"open","ping_status":"open","sticky":false,"template":"","format":"standard","meta":{"footnotes":""},"categories":[1],"tags":[],"class_list":["post-3704","post","type-post","status-publish","format-standard","has-post-thumbnail","hentry","category-durango"],"_links":{"self":[{"href":"https:\/\/lagumex.mx\/index\/wp-json\/wp\/v2\/posts\/3704","targetHints":{"allow":["GET"]}}],"collection":[{"href":"https:\/\/lagumex.mx\/index\/wp-json\/wp\/v2\/posts"}],"about":[{"href":"https:\/\/lagumex.mx\/index\/wp-json\/wp\/v2\/types\/post"}],"author":[{"embeddable":true,"href":"https:\/\/lagumex.mx\/index\/wp-json\/wp\/v2\/users\/1"}],"replies":[{"embeddable":true,"href":"https:\/\/lagumex.mx\/index\/wp-json\/wp\/v2\/comments?post=3704"}],"version-history":[{"count":1,"href":"https:\/\/lagumex.mx\/index\/wp-json\/wp\/v2\/posts\/3704\/revisions"}],"predecessor-version":[{"id":3706,"href":"https:\/\/lagumex.mx\/index\/wp-json\/wp\/v2\/posts\/3704\/revisions\/3706"}],"wp:featuredmedia":[{"embeddable":true,"href":"https:\/\/lagumex.mx\/index\/wp-json\/wp\/v2\/media\/3705"}],"wp:attachment":[{"href":"https:\/\/lagumex.mx\/index\/wp-json\/wp\/v2\/media?parent=3704"}],"wp:term":[{"taxonomy":"category","embeddable":true,"href":"https:\/\/lagumex.mx\/index\/wp-json\/wp\/v2\/categories?post=3704"},{"taxonomy":"post_tag","embeddable":true,"href":"https:\/\/lagumex.mx\/index\/wp-json\/wp\/v2\/tags?post=3704"}],"curies":[{"name":"wp","href":"https:\/\/api.w.org\/{rel}","templated":true}]}}