{"id":367,"date":"2023-06-26T22:44:43","date_gmt":"2023-06-26T22:44:43","guid":{"rendered":"http:\/\/lagumex.mx\/index\/?p=367"},"modified":"2023-06-26T22:44:43","modified_gmt":"2023-06-26T22:44:43","slug":"presentan-curso-de-verano-santos-pronnif-2023-en-matamoros","status":"publish","type":"post","link":"https:\/\/lagumex.mx\/index\/sports\/presentan-curso-de-verano-santos-pronnif-2023-en-matamoros\/","title":{"rendered":"Presentan curso de verano Santos &#8211; PRONNIF 2023 en Matamoros"},"content":{"rendered":"\n<h2 class=\"wp-block-heading\">Ser\u00e1 del 17 de julio al 11 de agosto cuando dicho curso tenga sus actividades<\/h2>\n\n\n\n<p>La Procuradur\u00eda Para Ni\u00f1os, Ni\u00f1as y La Familia en el estado de Coahuila de Zaragoza, dio a conocer esta ma\u00f1ana en sala de cabildo el \u00abCURSO DE VERANO SANTOS &#8211; PRONIFF 2023\u00bb que habr\u00e1 de realizarse de manera simult\u00e1nea en 6 municipios del estado, siendo Matamoros el \u00fanico de la regi\u00f3n Laguna que contar\u00e1 con este interesante curso.<\/p>\n\n\n\n<p>La rueda de prensa fue presidida por el alcalde Lic. Miguel \u00c1ngel Ram\u00edrez L\u00f3pez y la Lic. Mar\u00eda Leticia S\u00e1nchez Campos, Procuradora para ni\u00f1os, ni\u00f1as y la familia del Estado de Coahuila, acompa\u00f1ados por la Lic. Claudia Hern\u00e1ndez Jim\u00e9nez, presidente del DIF municipal.<\/p>\n","protected":false},"excerpt":{"rendered":"<p>Ser\u00e1 del 17 de julio al 11 de agosto cuando dicho curso tenga sus actividades La Procuradur\u00eda Para Ni\u00f1os, Ni\u00f1as y La Familia en el estado de Coahuila de Zaragoza, dio a conocer esta ma\u00f1ana en sala de cabildo el \u00abCURSO DE VERANO SANTOS &#8211; PRONIFF 2023\u00bb que habr\u00e1 de realizarse de manera simult\u00e1nea en&#8230;<\/p>\n","protected":false},"author":1,"featured_media":368,"comment_status":"open","ping_status":"open","sticky":false,"template":"","format":"standard","meta":{"footnotes":""},"categories":[4],"tags":[],"class_list":["post-367","post","type-post","status-publish","format-standard","has-post-thumbnail","hentry","category-sports"],"_links":{"self":[{"href":"https:\/\/lagumex.mx\/index\/wp-json\/wp\/v2\/posts\/367","targetHints":{"allow":["GET"]}}],"collection":[{"href":"https:\/\/lagumex.mx\/index\/wp-json\/wp\/v2\/posts"}],"about":[{"href":"https:\/\/lagumex.mx\/index\/wp-json\/wp\/v2\/types\/post"}],"author":[{"embeddable":true,"href":"https:\/\/lagumex.mx\/index\/wp-json\/wp\/v2\/users\/1"}],"replies":[{"embeddable":true,"href":"https:\/\/lagumex.mx\/index\/wp-json\/wp\/v2\/comments?post=367"}],"version-history":[{"count":1,"href":"https:\/\/lagumex.mx\/index\/wp-json\/wp\/v2\/posts\/367\/revisions"}],"predecessor-version":[{"id":369,"href":"https:\/\/lagumex.mx\/index\/wp-json\/wp\/v2\/posts\/367\/revisions\/369"}],"wp:featuredmedia":[{"embeddable":true,"href":"https:\/\/lagumex.mx\/index\/wp-json\/wp\/v2\/media\/368"}],"wp:attachment":[{"href":"https:\/\/lagumex.mx\/index\/wp-json\/wp\/v2\/media?parent=367"}],"wp:term":[{"taxonomy":"category","embeddable":true,"href":"https:\/\/lagumex.mx\/index\/wp-json\/wp\/v2\/categories?post=367"},{"taxonomy":"post_tag","embeddable":true,"href":"https:\/\/lagumex.mx\/index\/wp-json\/wp\/v2\/tags?post=367"}],"curies":[{"name":"wp","href":"https:\/\/api.w.org\/{rel}","templated":true}]}}