{"id":3648,"date":"2025-01-15T16:34:47","date_gmt":"2025-01-15T16:34:47","guid":{"rendered":"http:\/\/lagumex.mx\/index\/?p=3648"},"modified":"2025-01-24T16:36:07","modified_gmt":"2025-01-24T16:36:07","slug":"aprueban-diputados-reformas-en-beneficio-de-las-personas-de-discapacidad","status":"publish","type":"post","link":"https:\/\/lagumex.mx\/index\/uncategorized\/congreso-de-durango\/aprueban-diputados-reformas-en-beneficio-de-las-personas-de-discapacidad\/","title":{"rendered":"Aprueban diputados reformas en beneficio de las personas de discapacidad"},"content":{"rendered":"\n<p>15 de enero de 2025.- Con el objetivo de fortalecer la inclusi\u00f3n y equidad en el Sistema Educativo Estatal, particularmente en beneficio de las personas con discapacidad, el Congreso del Estado aprob\u00f3 importantes reformas a la Ley de Educaci\u00f3n para el Estado para garantizar su integraci\u00f3n oportuna y efectiva en todos los niveles educativos, promoviendo un enfoque de derechos y desarrollo integral.<\/p>\n\n\n\n<p>Cabe recordar que la iniciativa fue propuesta en su momento por los integrantes de la Comisi\u00f3n de Educaci\u00f3n P\u00fablica de Poder Legislativo, en la que se establece la obligaci\u00f3n de realizar modificaciones a los programas educativos para asegurar la adecuada incorporaci\u00f3n de personas con discapacidad, en cumplimiento con la Ley Estatal para la Integraci\u00f3n Social de las Personas con Discapacidad.<\/p>\n\n\n\n<p>Adem\u00e1s, de promover la creaci\u00f3n de un programa de becas educativas y de capacitaci\u00f3n para personas con discapacidad en todos los niveles del Sistema Educativo Estatal, as\u00ed como dise\u00f1ar e implementar programas de formaci\u00f3n y certificaci\u00f3n para int\u00e9rpretes esten\u00f3grafos y otros especialistas en el uso del espa\u00f1ol, la Lengua de Se\u00f1as Mexicana, el sistema Braille y otras tecnolog\u00edas adaptadas.<\/p>\n\n\n\n<p>Como parte de las reformas, se fomenta que estudiantes de escuelas normales y licenciaturas afines apoyen, mediante su servicio social, a personas con discapacidad, fortaleciendo la atenci\u00f3n educativa especializada.<\/p>\n\n\n\n<p>Adem\u00e1s, se firmar\u00e1n convenios con los ayuntamientos para equipar bibliotecas y salas de lectura con tecnolog\u00eda adaptada, incluyendo sistemas de escritura Braille, ampliadores de texto y lectores especializados, as\u00ed como espacios adecuados para el uso de estas herramientas.<\/p>\n\n\n\n<p>Adicionalmente, las reformas incorporan disposiciones para fomentar la investigaci\u00f3n, la ciencia y la tecnolog\u00eda con enfoque inclusivo y de acceso abierto, asegurando la difusi\u00f3n del conocimiento financiado con recursos p\u00fablicos.<\/p>\n\n\n\n<p>Por otro lado, se incluyen medidas para garantizar la salud y el bienestar de la comunidad educativa, por lo que, en coordinaci\u00f3n con autoridades sanitarias, se capacitar\u00e1 a padres de familia, docentes, personal administrativo y alumnos sobre protocolos de prevenci\u00f3n de enfermedades e higiene escolar. Adem\u00e1s, se instalar\u00e1n comit\u00e9s escolares de salud e higiene para dar seguimiento a estas acciones.<\/p>\n\n\n\n<p>Tambi\u00e9n se prev\u00e9 celebrar convenios con universidades p\u00fablicas y privadas para que estudiantes de Psicolog\u00eda y Trabajo Social presten su servicio social en escuelas p\u00fablicas de educaci\u00f3n b\u00e1sica. Esto permitir\u00e1 promover la prevenci\u00f3n de problemas de salud mental y conductas de riesgo, como el suicidio, en la comunidad escolar.<\/p>\n\n\n\n<p>Estas reformas reafirman el compromiso del Congreso del Estado con una educaci\u00f3n inclusiva, accesible y orientada al bienestar integral de todos los estudiantes, consolidando un sistema educativo m\u00e1s justo y equitativo.<\/p>\n","protected":false},"excerpt":{"rendered":"<p>15 de enero de 2025.- Con el objetivo de fortalecer la inclusi\u00f3n y equidad en el Sistema Educativo Estatal, particularmente en beneficio de las personas con discapacidad, el Congreso del Estado aprob\u00f3 importantes reformas a la Ley de Educaci\u00f3n para el Estado para garantizar su integraci\u00f3n oportuna y efectiva en todos los niveles educativos, promoviendo&#8230;<\/p>\n","protected":false},"author":1,"featured_media":3649,"comment_status":"open","ping_status":"open","sticky":false,"template":"","format":"standard","meta":{"footnotes":""},"categories":[13],"tags":[],"class_list":["post-3648","post","type-post","status-publish","format-standard","has-post-thumbnail","hentry","category-congreso-de-durango"],"_links":{"self":[{"href":"https:\/\/lagumex.mx\/index\/wp-json\/wp\/v2\/posts\/3648","targetHints":{"allow":["GET"]}}],"collection":[{"href":"https:\/\/lagumex.mx\/index\/wp-json\/wp\/v2\/posts"}],"about":[{"href":"https:\/\/lagumex.mx\/index\/wp-json\/wp\/v2\/types\/post"}],"author":[{"embeddable":true,"href":"https:\/\/lagumex.mx\/index\/wp-json\/wp\/v2\/users\/1"}],"replies":[{"embeddable":true,"href":"https:\/\/lagumex.mx\/index\/wp-json\/wp\/v2\/comments?post=3648"}],"version-history":[{"count":1,"href":"https:\/\/lagumex.mx\/index\/wp-json\/wp\/v2\/posts\/3648\/revisions"}],"predecessor-version":[{"id":3650,"href":"https:\/\/lagumex.mx\/index\/wp-json\/wp\/v2\/posts\/3648\/revisions\/3650"}],"wp:featuredmedia":[{"embeddable":true,"href":"https:\/\/lagumex.mx\/index\/wp-json\/wp\/v2\/media\/3649"}],"wp:attachment":[{"href":"https:\/\/lagumex.mx\/index\/wp-json\/wp\/v2\/media?parent=3648"}],"wp:term":[{"taxonomy":"category","embeddable":true,"href":"https:\/\/lagumex.mx\/index\/wp-json\/wp\/v2\/categories?post=3648"},{"taxonomy":"post_tag","embeddable":true,"href":"https:\/\/lagumex.mx\/index\/wp-json\/wp\/v2\/tags?post=3648"}],"curies":[{"name":"wp","href":"https:\/\/api.w.org\/{rel}","templated":true}]}}