{"id":364,"date":"2023-06-26T22:43:12","date_gmt":"2023-06-26T22:43:12","guid":{"rendered":"http:\/\/lagumex.mx\/index\/?p=364"},"modified":"2023-06-26T22:43:12","modified_gmt":"2023-06-26T22:43:12","slug":"yo-vivaldi-se-presenta-en-el-teatro-isauro-martinez","status":"publish","type":"post","link":"https:\/\/lagumex.mx\/index\/espectaculos\/yo-vivaldi-se-presenta-en-el-teatro-isauro-martinez\/","title":{"rendered":"\u201cYo Vivaldi\u201d se presenta en el teatro Isauro Mart\u00ednez"},"content":{"rendered":"\n<h2 class=\"wp-block-heading\">Una puesta en escena no antes vista<\/h2>\n\n\n\n<p>Siguiendo con nuestra filosof\u00eda de hacer el arte para la vida DIME asociaci\u00f3n civil presenta la puesta en escena \u201cYo Vivaldi\u201d, que busca mostrar c\u00f3mo es posible trascender y enriquecer el esp\u00edritu a trav\u00e9s de la m\u00fasica siguiendo la vida de uno de los m\u00e1s grandes compositores de la historia, Antonio Vivaldi.<\/p>\n\n\n\n<p>Concebido por Miguel \u00c1ngel Garc\u00eda, director art\u00edstico de DIME, \u201cYo Vivaldi\u201d se consolid\u00f3 como un proyecto que no s\u00f3lo presenta el aspecto dram\u00e1tico, sino que tambi\u00e9n contempla la danza, la m\u00fasica, coros y \u00f3pera.<\/p>\n\n\n\n<p>Para ello fue menester convocar a artistas laguneros que compartieron esta visi\u00f3n de hacer de las bellas artes el verdadero elemento del esp\u00edritu. Y en la parte actoral la reconocida actriz Karina Carrasco tom\u00f3 las riendas a trav\u00e9s de su compa\u00f1\u00eda luci\u00e9rnaga teatro, que no solamente incluy\u00f3 a sus miembros, sino que se dio la tarea de formar actores invitados a esta puesta en escena.<\/p>\n","protected":false},"excerpt":{"rendered":"<p>Una puesta en escena no antes vista Siguiendo con nuestra filosof\u00eda de hacer el arte para la vida DIME asociaci\u00f3n civil presenta la puesta en escena \u201cYo Vivaldi\u201d, que busca mostrar c\u00f3mo es posible trascender y enriquecer el esp\u00edritu a trav\u00e9s de la m\u00fasica siguiendo la vida de uno de los m\u00e1s grandes compositores de&#8230;<\/p>\n","protected":false},"author":1,"featured_media":365,"comment_status":"open","ping_status":"open","sticky":false,"template":"","format":"standard","meta":{"footnotes":""},"categories":[5],"tags":[],"class_list":["post-364","post","type-post","status-publish","format-standard","has-post-thumbnail","hentry","category-espectaculos"],"_links":{"self":[{"href":"https:\/\/lagumex.mx\/index\/wp-json\/wp\/v2\/posts\/364","targetHints":{"allow":["GET"]}}],"collection":[{"href":"https:\/\/lagumex.mx\/index\/wp-json\/wp\/v2\/posts"}],"about":[{"href":"https:\/\/lagumex.mx\/index\/wp-json\/wp\/v2\/types\/post"}],"author":[{"embeddable":true,"href":"https:\/\/lagumex.mx\/index\/wp-json\/wp\/v2\/users\/1"}],"replies":[{"embeddable":true,"href":"https:\/\/lagumex.mx\/index\/wp-json\/wp\/v2\/comments?post=364"}],"version-history":[{"count":1,"href":"https:\/\/lagumex.mx\/index\/wp-json\/wp\/v2\/posts\/364\/revisions"}],"predecessor-version":[{"id":366,"href":"https:\/\/lagumex.mx\/index\/wp-json\/wp\/v2\/posts\/364\/revisions\/366"}],"wp:featuredmedia":[{"embeddable":true,"href":"https:\/\/lagumex.mx\/index\/wp-json\/wp\/v2\/media\/365"}],"wp:attachment":[{"href":"https:\/\/lagumex.mx\/index\/wp-json\/wp\/v2\/media?parent=364"}],"wp:term":[{"taxonomy":"category","embeddable":true,"href":"https:\/\/lagumex.mx\/index\/wp-json\/wp\/v2\/categories?post=364"},{"taxonomy":"post_tag","embeddable":true,"href":"https:\/\/lagumex.mx\/index\/wp-json\/wp\/v2\/tags?post=364"}],"curies":[{"name":"wp","href":"https:\/\/api.w.org\/{rel}","templated":true}]}}