{"id":3619,"date":"2025-01-09T02:31:27","date_gmt":"2025-01-09T02:31:27","guid":{"rendered":"http:\/\/lagumex.mx\/index\/?p=3619"},"modified":"2025-01-10T02:35:08","modified_gmt":"2025-01-10T02:35:08","slug":"regreso-a-clases-este-jueves-09-de-enero","status":"publish","type":"post","link":"https:\/\/lagumex.mx\/index\/uncategorized\/uac\/uac-uac\/coahuila-coahuila\/regreso-a-clases-este-jueves-09-de-enero\/","title":{"rendered":"Regreso a clases este jueves 09 de enero"},"content":{"rendered":"\n<p>09 de enero de 2025, <strong>Saltillo, Coahuila de Zaragoza<\/strong>.- Luego del periodo vacacional decembrino, este jueves 09 de enero regresan los alumnos y alumnas de educaci\u00f3n b\u00e1sica a las aulas, mientras que las maestras y maestros se encuentran participando en talleres intensivos, dio a conocer el Secretario de Educaci\u00f3n de Coahuila, Emanuel Garza Fishburn.<\/p>\n\n\n\n<p>Agreg\u00f3 que son poco m\u00e1s de 594 mil 864 alumnas y alumnos, de los cuales 9 mil 135 son de nivel inicial; 2 mil 826 de educaci\u00f3n especial; 329 mil 706 de primaria; 154 mil 738 de secundaria y 98 mil 459 de preescolar, atendidos en 4 mil 132 instituciones educativas por m\u00e1s de 31 mil docentes.<\/p>\n\n\n\n<p>A partir de este lunes 6 de enero se imparte el taller para personal con funciones de direcci\u00f3n, mientras que los d\u00edas 7 y 8, corresponde un curso intensivo para el personal docente, denominado \u201cNarrativas: Letras que hacen eco\u201d.<\/p>\n\n\n\n<p>Por otra parte, se informa que, para proteger la salud de las y los estudiantes de nivel b\u00e1sico, se aplicar\u00e1n los criterios frente a la temporada invernal: Una vez que el term\u00f3metro marque los cero grados (0\u00ba), se deber\u00e1n justificar las faltas o retardos del estudiantado de los niveles de Educaci\u00f3n Inicial, Preescolar y Especial; mientras que para Primaria cuando la temperatura se encuentre en un grado bajo cero (-1\u00ba) y dos grados bajo cero (-2\u00ba) en el caso de Secundaria 30 minutos antes de la hora de entrada.<\/p>\n\n\n\n<p>Se recomienda a padres y madres de familia priorizar la salud de ni\u00f1as y ni\u00f1os.<\/p>\n\n\n\n<p>Garza Fishburn dese\u00f3 a toda la comunidad educativa un buen regreso a clases, reiterando su compromiso por seguir trabajando por una educaci\u00f3n de calidad y apoyarles en su crecimiento acad\u00e9mico, as\u00ed mismo los exhort\u00f3 a seguir desempe\u00f1\u00e1ndose con dedicaci\u00f3n para cumplir metas y logros en este a\u00f1o 2025 y en el \u00faltimo semestre del ciclo escolar.<\/p>\n","protected":false},"excerpt":{"rendered":"<p>09 de enero de 2025, Saltillo, Coahuila de Zaragoza.- Luego del periodo vacacional decembrino, este jueves 09 de enero regresan los alumnos y alumnas de educaci\u00f3n b\u00e1sica a las aulas, mientras que las maestras y maestros se encuentran participando en talleres intensivos, dio a conocer el Secretario de Educaci\u00f3n de Coahuila, Emanuel Garza Fishburn. Agreg\u00f3&#8230;<\/p>\n","protected":false},"author":1,"featured_media":3622,"comment_status":"open","ping_status":"open","sticky":false,"template":"","format":"standard","meta":{"footnotes":""},"categories":[2],"tags":[],"class_list":["post-3619","post","type-post","status-publish","format-standard","has-post-thumbnail","hentry","category-coahuila-coahuila"],"_links":{"self":[{"href":"https:\/\/lagumex.mx\/index\/wp-json\/wp\/v2\/posts\/3619","targetHints":{"allow":["GET"]}}],"collection":[{"href":"https:\/\/lagumex.mx\/index\/wp-json\/wp\/v2\/posts"}],"about":[{"href":"https:\/\/lagumex.mx\/index\/wp-json\/wp\/v2\/types\/post"}],"author":[{"embeddable":true,"href":"https:\/\/lagumex.mx\/index\/wp-json\/wp\/v2\/users\/1"}],"replies":[{"embeddable":true,"href":"https:\/\/lagumex.mx\/index\/wp-json\/wp\/v2\/comments?post=3619"}],"version-history":[{"count":1,"href":"https:\/\/lagumex.mx\/index\/wp-json\/wp\/v2\/posts\/3619\/revisions"}],"predecessor-version":[{"id":3623,"href":"https:\/\/lagumex.mx\/index\/wp-json\/wp\/v2\/posts\/3619\/revisions\/3623"}],"wp:featuredmedia":[{"embeddable":true,"href":"https:\/\/lagumex.mx\/index\/wp-json\/wp\/v2\/media\/3622"}],"wp:attachment":[{"href":"https:\/\/lagumex.mx\/index\/wp-json\/wp\/v2\/media?parent=3619"}],"wp:term":[{"taxonomy":"category","embeddable":true,"href":"https:\/\/lagumex.mx\/index\/wp-json\/wp\/v2\/categories?post=3619"},{"taxonomy":"post_tag","embeddable":true,"href":"https:\/\/lagumex.mx\/index\/wp-json\/wp\/v2\/tags?post=3619"}],"curies":[{"name":"wp","href":"https:\/\/api.w.org\/{rel}","templated":true}]}}