{"id":3613,"date":"2025-01-07T02:28:32","date_gmt":"2025-01-07T02:28:32","guid":{"rendered":"http:\/\/lagumex.mx\/index\/?p=3613"},"modified":"2025-01-10T02:30:03","modified_gmt":"2025-01-10T02:30:03","slug":"inicia-proteccion-civil-de-lerdo-operativo-por-las-bajas-temperaturas","status":"publish","type":"post","link":"https:\/\/lagumex.mx\/index\/lerdo\/inicia-proteccion-civil-de-lerdo-operativo-por-las-bajas-temperaturas\/","title":{"rendered":"Inicia Protecci\u00f3n Civil de Lerdo operativo por las bajas temperaturas"},"content":{"rendered":"\n<p>07 de enero de 2025.- <strong>Ante el descenso en las temperaturas, el Gobierno Municipal de Lerdo, bajo la direcci\u00f3n del Alcalde, Homero Mart\u00ednez Cabrera, puso en marcha el Plan DN-lll-E para brindar apoyo a la poblaci\u00f3n m\u00e1s vulnerable.<\/strong> <\/p>\n\n\n\n<p>En el primer d\u00eda del operativo se atendi\u00f3 a tres personas, distribuyendo igual n\u00famero de colchonetas y mantas. Adem\u00e1s, el refugio temporal ubicado en la Unidad Deportiva Francisco Sarabia est\u00e1 disponible las 24 horas, aunque hasta el momento no ha sido requerido por la poblaci\u00f3n. Un caso particular fue el de una persona originaria de G\u00f3mez Palacio, quien fue trasladada a su hogar por personal de Protecci\u00f3n Civil de Lerdo.<\/p>\n\n\n\n<p>El Ayuntamiento exhort\u00f3 a quienes necesiten resguardo a acudir al refugio temporal o comunicarse con Protecci\u00f3n Civil, y al n\u00famero de emergencias 911.<\/p>\n\n\n\n<p>El operativo contempla recorridos en puntos clave de la ciudad, como la plaza principal, albergues y el \u00e1rea de urgencias del ISSSTE. Durante estas jornadas se invita a la gente en situaci\u00f3n de calle a pasar la noche en los albergues o se les entregan cobijas y colchonetas. Tanto a ellos como a los familiares que cuidan pacientes hospitalizados, se les brindan bebidas calientes y alimentos. La coordinadora de Protecci\u00f3n Civil y Bomberos, Isabel Mac\u00edas, destac\u00f3 las acciones realizadas en las primeras horas del operativo: \u201cEstamos trabajando en coordinaci\u00f3n con Defensa Nacional para repartir caf\u00e9, pan y galletas, adem\u00e1s de cobijas y colchonetas. Tambi\u00e9n visitamos el ISSSTE para apoyar a las personas que cuidan a sus familiares enfermos.\u201d<\/p>\n","protected":false},"excerpt":{"rendered":"<p>07 de enero de 2025.- Ante el descenso en las temperaturas, el Gobierno Municipal de Lerdo, bajo la direcci\u00f3n del Alcalde, Homero Mart\u00ednez Cabrera, puso en marcha el Plan DN-lll-E para brindar apoyo a la poblaci\u00f3n m\u00e1s vulnerable. En el primer d\u00eda del operativo se atendi\u00f3 a tres personas, distribuyendo igual n\u00famero de colchonetas y&#8230;<\/p>\n","protected":false},"author":1,"featured_media":3614,"comment_status":"open","ping_status":"open","sticky":false,"template":"","format":"standard","meta":{"footnotes":""},"categories":[3],"tags":[],"class_list":["post-3613","post","type-post","status-publish","format-standard","has-post-thumbnail","hentry","category-lerdo"],"_links":{"self":[{"href":"https:\/\/lagumex.mx\/index\/wp-json\/wp\/v2\/posts\/3613","targetHints":{"allow":["GET"]}}],"collection":[{"href":"https:\/\/lagumex.mx\/index\/wp-json\/wp\/v2\/posts"}],"about":[{"href":"https:\/\/lagumex.mx\/index\/wp-json\/wp\/v2\/types\/post"}],"author":[{"embeddable":true,"href":"https:\/\/lagumex.mx\/index\/wp-json\/wp\/v2\/users\/1"}],"replies":[{"embeddable":true,"href":"https:\/\/lagumex.mx\/index\/wp-json\/wp\/v2\/comments?post=3613"}],"version-history":[{"count":1,"href":"https:\/\/lagumex.mx\/index\/wp-json\/wp\/v2\/posts\/3613\/revisions"}],"predecessor-version":[{"id":3615,"href":"https:\/\/lagumex.mx\/index\/wp-json\/wp\/v2\/posts\/3613\/revisions\/3615"}],"wp:featuredmedia":[{"embeddable":true,"href":"https:\/\/lagumex.mx\/index\/wp-json\/wp\/v2\/media\/3614"}],"wp:attachment":[{"href":"https:\/\/lagumex.mx\/index\/wp-json\/wp\/v2\/media?parent=3613"}],"wp:term":[{"taxonomy":"category","embeddable":true,"href":"https:\/\/lagumex.mx\/index\/wp-json\/wp\/v2\/categories?post=3613"},{"taxonomy":"post_tag","embeddable":true,"href":"https:\/\/lagumex.mx\/index\/wp-json\/wp\/v2\/tags?post=3613"}],"curies":[{"name":"wp","href":"https:\/\/api.w.org\/{rel}","templated":true}]}}