{"id":3607,"date":"2025-01-09T02:21:40","date_gmt":"2025-01-09T02:21:40","guid":{"rendered":"http:\/\/lagumex.mx\/index\/?p=3607"},"modified":"2025-01-10T02:26:45","modified_gmt":"2025-01-10T02:26:45","slug":"alcalde-de-lerdo-exige-solucion-a-claudia-sheinbaum-del-proyecto-agua-saludable-para-la-laguna","status":"publish","type":"post","link":"https:\/\/lagumex.mx\/index\/lerdo\/alcalde-de-lerdo-exige-solucion-a-claudia-sheinbaum-del-proyecto-agua-saludable-para-la-laguna\/","title":{"rendered":"Alcalde de Lerdo exige soluci\u00f3n a Claudia Sheinbaum del proyecto Agua Saludable para La Laguna"},"content":{"rendered":"\n<p>09 de enero de 2025.- <strong>El alcalde, Homero Mart\u00ednez Cabrera, consider\u00f3 muy necesaria la intervenci\u00f3n de la presidenta de la Rep\u00fablica, Claudia Sheinbaum, para que finalmente el proyecto insignia del presidente, Andr\u00e9s Manuel L\u00f3pez Obrador, en la La Laguna pueda funcionar como fue previsto<\/strong>. \u201cYo pedir\u00eda que el gobierno federal Claudia Sheinbaum, con el plan h\u00eddrico que anunci\u00f3,<strong>\u00a0le meta la mano al proyecto de Agua Saludable para que funcione y no es que seamos oposici\u00f3n pero lo que nos toca es ver es que nos dejan a deber todav\u00eda un poquito m\u00e1s<\/strong>\u201d, declar\u00f3 el alcalde, Homero Mart\u00ednez.Este jueves el alcalde inform\u00f3 que el director del Sapal, Ignacio Ram\u00edrez, fue citado por parte de autoridades de la Comisi\u00f3n Nacional del Agua (Conagua) en el municipio de Torre\u00f3n con el objetivo de que se revise el tema de Agua Saludable para La Laguna.\u00a0<strong>No obstante, hasta ahora sigue sin haber agua proveniente de este proyecto.Lerdo recib\u00eda un m\u00ednimo de 263 litros de agua por segundo hasta un m\u00e1ximo de 330 litros de agua por segundo<\/strong>\u00a0pues hay constantes fluctuaciones.<\/p>\n\n\n\n<pre id=\"notaB2\" class=\"wp-block-preformatted\"><\/pre>\n","protected":false},"excerpt":{"rendered":"<p>09 de enero de 2025.- El alcalde, Homero Mart\u00ednez Cabrera, consider\u00f3 muy necesaria la intervenci\u00f3n de la presidenta de la Rep\u00fablica, Claudia Sheinbaum, para que finalmente el proyecto insignia del presidente, Andr\u00e9s Manuel L\u00f3pez Obrador, en la La Laguna pueda funcionar como fue previsto. \u201cYo pedir\u00eda que el gobierno federal Claudia Sheinbaum, con el plan&#8230;<\/p>\n","protected":false},"author":1,"featured_media":3608,"comment_status":"open","ping_status":"open","sticky":false,"template":"","format":"standard","meta":{"footnotes":""},"categories":[3],"tags":[],"class_list":["post-3607","post","type-post","status-publish","format-standard","has-post-thumbnail","hentry","category-lerdo"],"_links":{"self":[{"href":"https:\/\/lagumex.mx\/index\/wp-json\/wp\/v2\/posts\/3607","targetHints":{"allow":["GET"]}}],"collection":[{"href":"https:\/\/lagumex.mx\/index\/wp-json\/wp\/v2\/posts"}],"about":[{"href":"https:\/\/lagumex.mx\/index\/wp-json\/wp\/v2\/types\/post"}],"author":[{"embeddable":true,"href":"https:\/\/lagumex.mx\/index\/wp-json\/wp\/v2\/users\/1"}],"replies":[{"embeddable":true,"href":"https:\/\/lagumex.mx\/index\/wp-json\/wp\/v2\/comments?post=3607"}],"version-history":[{"count":1,"href":"https:\/\/lagumex.mx\/index\/wp-json\/wp\/v2\/posts\/3607\/revisions"}],"predecessor-version":[{"id":3609,"href":"https:\/\/lagumex.mx\/index\/wp-json\/wp\/v2\/posts\/3607\/revisions\/3609"}],"wp:featuredmedia":[{"embeddable":true,"href":"https:\/\/lagumex.mx\/index\/wp-json\/wp\/v2\/media\/3608"}],"wp:attachment":[{"href":"https:\/\/lagumex.mx\/index\/wp-json\/wp\/v2\/media?parent=3607"}],"wp:term":[{"taxonomy":"category","embeddable":true,"href":"https:\/\/lagumex.mx\/index\/wp-json\/wp\/v2\/categories?post=3607"},{"taxonomy":"post_tag","embeddable":true,"href":"https:\/\/lagumex.mx\/index\/wp-json\/wp\/v2\/tags?post=3607"}],"curies":[{"name":"wp","href":"https:\/\/api.w.org\/{rel}","templated":true}]}}