{"id":3582,"date":"2024-12-22T21:31:00","date_gmt":"2024-12-22T21:31:00","guid":{"rendered":"http:\/\/lagumex.mx\/index\/?p=3582"},"modified":"2025-01-07T21:36:45","modified_gmt":"2025-01-07T21:36:45","slug":"imm-lerdo-charla-sobre-violencia-a-la-mujer","status":"publish","type":"post","link":"https:\/\/lagumex.mx\/index\/lerdo\/imm-lerdo-charla-sobre-violencia-a-la-mujer\/","title":{"rendered":"IMM Lerdo charla sobre violencia a la mujer\u00a0"},"content":{"rendered":"\n<p>22 de diciembre de 2024.- Para el gobierno del alcalde Homero Mart\u00ednez las mujeres marcan el pilar de la familia y es por eso que se contin\u00faan las platicas sobre la violencia de genero. <strong>Como parte de una iniciativa para promover el respeto hacia las mujeres y fortalecer la protecci\u00f3n de sus derechos, el Instituto Municipal de la Mujer en Lerdo (IMM) llev\u00f3 a cabo una capacitaci\u00f3n sobre violencia<\/strong><\/p>\n\n\n\n<p>La Directora del IMM en Lerdo, Mar\u00eda del Refugio Adame G\u00fcereca, destac\u00f3 que esta acci\u00f3n forma parte de las directrices impartidas por el Presidente Municipal, Homero Mart\u00ednez Cabrera, para reforzar las estrategias que buscan proteger a las mujeres del municipio y sensibilizar a diversos sectores sobre la importancia de erradicar la violencia de g\u00e9nero.<\/p>\n","protected":false},"excerpt":{"rendered":"<p>22 de diciembre de 2024.- Para el gobierno del alcalde Homero Mart\u00ednez las mujeres marcan el pilar de la familia y es por eso que se contin\u00faan las platicas sobre la violencia de genero. Como parte de una iniciativa para promover el respeto hacia las mujeres y fortalecer la protecci\u00f3n de sus derechos, el Instituto&#8230;<\/p>\n","protected":false},"author":1,"featured_media":0,"comment_status":"open","ping_status":"open","sticky":false,"template":"","format":"standard","meta":{"footnotes":""},"categories":[3],"tags":[],"class_list":["post-3582","post","type-post","status-publish","format-standard","hentry","category-lerdo"],"_links":{"self":[{"href":"https:\/\/lagumex.mx\/index\/wp-json\/wp\/v2\/posts\/3582","targetHints":{"allow":["GET"]}}],"collection":[{"href":"https:\/\/lagumex.mx\/index\/wp-json\/wp\/v2\/posts"}],"about":[{"href":"https:\/\/lagumex.mx\/index\/wp-json\/wp\/v2\/types\/post"}],"author":[{"embeddable":true,"href":"https:\/\/lagumex.mx\/index\/wp-json\/wp\/v2\/users\/1"}],"replies":[{"embeddable":true,"href":"https:\/\/lagumex.mx\/index\/wp-json\/wp\/v2\/comments?post=3582"}],"version-history":[{"count":1,"href":"https:\/\/lagumex.mx\/index\/wp-json\/wp\/v2\/posts\/3582\/revisions"}],"predecessor-version":[{"id":3583,"href":"https:\/\/lagumex.mx\/index\/wp-json\/wp\/v2\/posts\/3582\/revisions\/3583"}],"wp:attachment":[{"href":"https:\/\/lagumex.mx\/index\/wp-json\/wp\/v2\/media?parent=3582"}],"wp:term":[{"taxonomy":"category","embeddable":true,"href":"https:\/\/lagumex.mx\/index\/wp-json\/wp\/v2\/categories?post=3582"},{"taxonomy":"post_tag","embeddable":true,"href":"https:\/\/lagumex.mx\/index\/wp-json\/wp\/v2\/tags?post=3582"}],"curies":[{"name":"wp","href":"https:\/\/api.w.org\/{rel}","templated":true}]}}