{"id":358,"date":"2023-06-26T22:40:17","date_gmt":"2023-06-26T22:40:17","guid":{"rendered":"http:\/\/lagumex.mx\/index\/?p=358"},"modified":"2023-07-01T18:28:50","modified_gmt":"2023-07-01T18:28:50","slug":"se-reune-homero-martinez-con-la-mesa-directiva-de-las-regatas-rio-nazas","status":"publish","type":"post","link":"https:\/\/lagumex.mx\/index\/lerdo\/se-reune-homero-martinez-con-la-mesa-directiva-de-las-regatas-rio-nazas\/","title":{"rendered":"Se re\u00fane Homero Mart\u00ednez con la mesa directiva de las regatas R\u00edo Nazas"},"content":{"rendered":"\n<h2 class=\"wp-block-heading\">Se contar\u00e1 con el apoyo del Instituto del Deporte, la coordinaci\u00f3n de Protecci\u00f3n Civil, Seguridad P\u00fablica, Tr\u00e1nsito y Salud Municipal, en el desarrollo de las actividades programadas<\/h2>\n\n\n\n<p>26 de junio de 2023. El Presidente Municipal Homero Mart\u00ednez Cabrera, en compa\u00f1\u00eda del director del Instituto de Deporte, Jes\u00fas Balderas Antuna, encabez\u00f3 la reuni\u00f3n de trabajo con la mesa directiva de la 60\u00aa edici\u00f3n de la Regata R\u00edo Nazas 2023, con el objetivo de garantizar la exitosa realizaci\u00f3n de esta competencia en la regi\u00f3n, los d\u00edas 14, 15 y 16 de julio.<\/p>\n\n\n\n<p>El edil, refrendo su compromiso con la mesa directiva que est\u00e1 a cargo de Alberto Gonz\u00e1lez, dijo, apoyar\u00e1 en todo momento con la realizaci\u00f3n de esta importante competici\u00f3n, que es la justa deportiva de regatas m\u00e1s grande del pa\u00eds, con aproximadamente 149 kil\u00f3metros de distancia desde los municipios de Rodeo y Nazas, hasta la ciudad Jard\u00edn.<\/p>\n","protected":false},"excerpt":{"rendered":"<p>Se contar\u00e1 con el apoyo del Instituto del Deporte, la coordinaci\u00f3n de Protecci\u00f3n Civil, Seguridad P\u00fablica, Tr\u00e1nsito y Salud Municipal, en el desarrollo de las actividades programadas 26 de junio de 2023. El Presidente Municipal Homero Mart\u00ednez Cabrera, en compa\u00f1\u00eda del director del Instituto de Deporte, Jes\u00fas Balderas Antuna, encabez\u00f3 la reuni\u00f3n de trabajo con&#8230;<\/p>\n","protected":false},"author":1,"featured_media":359,"comment_status":"open","ping_status":"open","sticky":false,"template":"","format":"standard","meta":{"footnotes":""},"categories":[3],"tags":[],"class_list":["post-358","post","type-post","status-publish","format-standard","has-post-thumbnail","hentry","category-lerdo"],"_links":{"self":[{"href":"https:\/\/lagumex.mx\/index\/wp-json\/wp\/v2\/posts\/358","targetHints":{"allow":["GET"]}}],"collection":[{"href":"https:\/\/lagumex.mx\/index\/wp-json\/wp\/v2\/posts"}],"about":[{"href":"https:\/\/lagumex.mx\/index\/wp-json\/wp\/v2\/types\/post"}],"author":[{"embeddable":true,"href":"https:\/\/lagumex.mx\/index\/wp-json\/wp\/v2\/users\/1"}],"replies":[{"embeddable":true,"href":"https:\/\/lagumex.mx\/index\/wp-json\/wp\/v2\/comments?post=358"}],"version-history":[{"count":2,"href":"https:\/\/lagumex.mx\/index\/wp-json\/wp\/v2\/posts\/358\/revisions"}],"predecessor-version":[{"id":423,"href":"https:\/\/lagumex.mx\/index\/wp-json\/wp\/v2\/posts\/358\/revisions\/423"}],"wp:featuredmedia":[{"embeddable":true,"href":"https:\/\/lagumex.mx\/index\/wp-json\/wp\/v2\/media\/359"}],"wp:attachment":[{"href":"https:\/\/lagumex.mx\/index\/wp-json\/wp\/v2\/media?parent=358"}],"wp:term":[{"taxonomy":"category","embeddable":true,"href":"https:\/\/lagumex.mx\/index\/wp-json\/wp\/v2\/categories?post=358"},{"taxonomy":"post_tag","embeddable":true,"href":"https:\/\/lagumex.mx\/index\/wp-json\/wp\/v2\/tags?post=358"}],"curies":[{"name":"wp","href":"https:\/\/api.w.org\/{rel}","templated":true}]}}