{"id":3579,"date":"2024-12-21T21:29:00","date_gmt":"2024-12-21T21:29:00","guid":{"rendered":"http:\/\/lagumex.mx\/index\/?p=3579"},"modified":"2025-01-07T21:31:19","modified_gmt":"2025-01-07T21:31:19","slug":"celebran-ceremonia-de-nacimiento-del-nino-dios","status":"publish","type":"post","link":"https:\/\/lagumex.mx\/index\/lerdo\/celebran-ceremonia-de-nacimiento-del-nino-dios\/","title":{"rendered":"Celebran ceremonia de nacimiento del Ni\u00f1o Dios"},"content":{"rendered":"\n<p>21 de diciembre de 2024.- <strong>El alcalde, Homero Mart\u00ednez Cabrera, y su esposa, la diputada local, Susy Torrecillas Salazar, presidieron la ceremonia de Nacimiento del Ni\u00f1o Dios, en el kiosco de la plaza principal de Ciudad Lerdo, acompa\u00f1ados de decenas de familias<\/strong> <\/p>\n\n\n\n<p>El alcalde agradeci\u00f3 a los presentes por sumarse a estas actividades que el Gobierno Municipal de Lerdo realiza para la ciudadan\u00eda, fortaleciendo el tejido social \u00abGracias por estar aqu\u00ed acompa\u00f1\u00e1ndonos, deseo que estas fiestas las pasemos en compa\u00f1\u00eda de nuestros seres queridos, y mucha salud para el a\u00f1o 2025\u00bb, dijo el edil. Destac\u00f3 que durante su administraci\u00f3n ha apostado a que Lerdo sea un municipio con mucha seguridad y paz, adem\u00e1s, resalt\u00f3 que Lerdo se caracteriza por ser un pueblo m\u00e1gico, con muchas tradiciones, cultura y espacios para el disfrute de la ciudadan\u00eda.De igual manera, la diputada, Susy Torrecillas, agradeci\u00f3 a los presentes por congregarse en el emblem\u00e1tico kiosco: \u00abEste tiempo de navidad es de unidad, de vivirlo en familia, reencontrarnos con nosotros y muchos amigos. Gracias por participar en estas tradiciones\u00bb, dijo.<\/p>\n","protected":false},"excerpt":{"rendered":"<p>21 de diciembre de 2024.- El alcalde, Homero Mart\u00ednez Cabrera, y su esposa, la diputada local, Susy Torrecillas Salazar, presidieron la ceremonia de Nacimiento del Ni\u00f1o Dios, en el kiosco de la plaza principal de Ciudad Lerdo, acompa\u00f1ados de decenas de familias El alcalde agradeci\u00f3 a los presentes por sumarse a estas actividades que el&#8230;<\/p>\n","protected":false},"author":1,"featured_media":3580,"comment_status":"open","ping_status":"open","sticky":false,"template":"","format":"standard","meta":{"footnotes":""},"categories":[3],"tags":[],"class_list":["post-3579","post","type-post","status-publish","format-standard","has-post-thumbnail","hentry","category-lerdo"],"_links":{"self":[{"href":"https:\/\/lagumex.mx\/index\/wp-json\/wp\/v2\/posts\/3579","targetHints":{"allow":["GET"]}}],"collection":[{"href":"https:\/\/lagumex.mx\/index\/wp-json\/wp\/v2\/posts"}],"about":[{"href":"https:\/\/lagumex.mx\/index\/wp-json\/wp\/v2\/types\/post"}],"author":[{"embeddable":true,"href":"https:\/\/lagumex.mx\/index\/wp-json\/wp\/v2\/users\/1"}],"replies":[{"embeddable":true,"href":"https:\/\/lagumex.mx\/index\/wp-json\/wp\/v2\/comments?post=3579"}],"version-history":[{"count":1,"href":"https:\/\/lagumex.mx\/index\/wp-json\/wp\/v2\/posts\/3579\/revisions"}],"predecessor-version":[{"id":3581,"href":"https:\/\/lagumex.mx\/index\/wp-json\/wp\/v2\/posts\/3579\/revisions\/3581"}],"wp:featuredmedia":[{"embeddable":true,"href":"https:\/\/lagumex.mx\/index\/wp-json\/wp\/v2\/media\/3580"}],"wp:attachment":[{"href":"https:\/\/lagumex.mx\/index\/wp-json\/wp\/v2\/media?parent=3579"}],"wp:term":[{"taxonomy":"category","embeddable":true,"href":"https:\/\/lagumex.mx\/index\/wp-json\/wp\/v2\/categories?post=3579"},{"taxonomy":"post_tag","embeddable":true,"href":"https:\/\/lagumex.mx\/index\/wp-json\/wp\/v2\/tags?post=3579"}],"curies":[{"name":"wp","href":"https:\/\/api.w.org\/{rel}","templated":true}]}}