{"id":3575,"date":"2024-12-29T21:25:00","date_gmt":"2024-12-29T21:25:00","guid":{"rendered":"http:\/\/lagumex.mx\/index\/?p=3575"},"modified":"2025-01-07T21:26:45","modified_gmt":"2025-01-07T21:26:45","slug":"proteccion-civil-de-lerdo-invita-a-evitar-uso-de-pirotecnia","status":"publish","type":"post","link":"https:\/\/lagumex.mx\/index\/lerdo\/proteccion-civil-de-lerdo-invita-a-evitar-uso-de-pirotecnia\/","title":{"rendered":"\u00a0Protecci\u00f3n Civil de Lerdo invita a evitar uso de Pirotecnia"},"content":{"rendered":"\n<p>29 de diciembre de 2024.- <strong>La Coordinaci\u00f3n de Protecci\u00f3n Civil y Bomberos en Lerdo hace un llamado urgente a la ciudadan\u00eda para evitar la quema de pirotecnia durante las fiestas de fin de a\u00f1o. Su uso irresponsable no solo pone en riesgo la vida de las personas, tambi\u00e9n el patrimonio familiar y el medio ambiente.<\/strong> Isabel Mac\u00edas Sifuentes, coordinadora de Protecci\u00f3n Civil y Bomberos, destac\u00f3 que a trav\u00e9s de una campa\u00f1a de concientizaci\u00f3n se ha exhortado a los ciudadanos a evitar esta pr\u00e1ctica peligrosa. Bajo el lema \u00abEvitemos la Pirotecnia: Protejamos la Vida, el Medio Ambiente y Nuestros Bienes\u00bb, la funcionar\u00e1 reafirm\u00f3 el compromiso de la Administraci\u00f3n Municipal para prevenir tragedias. Mencion\u00f3 que la manipulaci\u00f3n de pirotecnia, especialmente por manos inexpertas o menores de edad, puede causar quemaduras severas, amputaciones, p\u00e9rdida de audici\u00f3n y pone en riesgo la vida. Adem\u00e1s, los sonidos estruendosos generan un gran estr\u00e9s en las mascotas y la fauna silvestre. Muchas mascotas huyen desorientadas, lo que las deja expuestas a accidentes.<\/p>\n","protected":false},"excerpt":{"rendered":"<p>29 de diciembre de 2024.- La Coordinaci\u00f3n de Protecci\u00f3n Civil y Bomberos en Lerdo hace un llamado urgente a la ciudadan\u00eda para evitar la quema de pirotecnia durante las fiestas de fin de a\u00f1o. Su uso irresponsable no solo pone en riesgo la vida de las personas, tambi\u00e9n el patrimonio familiar y el medio ambiente&#8230;.<\/p>\n","protected":false},"author":1,"featured_media":0,"comment_status":"open","ping_status":"open","sticky":false,"template":"","format":"standard","meta":{"footnotes":""},"categories":[3],"tags":[],"class_list":["post-3575","post","type-post","status-publish","format-standard","hentry","category-lerdo"],"_links":{"self":[{"href":"https:\/\/lagumex.mx\/index\/wp-json\/wp\/v2\/posts\/3575","targetHints":{"allow":["GET"]}}],"collection":[{"href":"https:\/\/lagumex.mx\/index\/wp-json\/wp\/v2\/posts"}],"about":[{"href":"https:\/\/lagumex.mx\/index\/wp-json\/wp\/v2\/types\/post"}],"author":[{"embeddable":true,"href":"https:\/\/lagumex.mx\/index\/wp-json\/wp\/v2\/users\/1"}],"replies":[{"embeddable":true,"href":"https:\/\/lagumex.mx\/index\/wp-json\/wp\/v2\/comments?post=3575"}],"version-history":[{"count":1,"href":"https:\/\/lagumex.mx\/index\/wp-json\/wp\/v2\/posts\/3575\/revisions"}],"predecessor-version":[{"id":3576,"href":"https:\/\/lagumex.mx\/index\/wp-json\/wp\/v2\/posts\/3575\/revisions\/3576"}],"wp:attachment":[{"href":"https:\/\/lagumex.mx\/index\/wp-json\/wp\/v2\/media?parent=3575"}],"wp:term":[{"taxonomy":"category","embeddable":true,"href":"https:\/\/lagumex.mx\/index\/wp-json\/wp\/v2\/categories?post=3575"},{"taxonomy":"post_tag","embeddable":true,"href":"https:\/\/lagumex.mx\/index\/wp-json\/wp\/v2\/tags?post=3575"}],"curies":[{"name":"wp","href":"https:\/\/api.w.org\/{rel}","templated":true}]}}