{"id":3572,"date":"2024-12-31T21:22:00","date_gmt":"2024-12-31T21:22:00","guid":{"rendered":"http:\/\/lagumex.mx\/index\/?p=3572"},"modified":"2025-01-07T21:24:59","modified_gmt":"2025-01-07T21:24:59","slug":"listo-operativo-de-seguridad-por-fin-de-ano-en-lerdo","status":"publish","type":"post","link":"https:\/\/lagumex.mx\/index\/lerdo\/listo-operativo-de-seguridad-por-fin-de-ano-en-lerdo\/","title":{"rendered":"Listo Operativo de Seguridad por Fin de A\u00f1o en Lerdo"},"content":{"rendered":"\n<p><strong>31 de diciembre de 2024.- El ayuntamiento en coordinaci\u00f3n con el Mando Especial de La Laguna estableci\u00f3 que las direcciones operativas del municipio redoblar\u00e1n las acciones de prevenci\u00f3n y seguridad, durante las festividades de fin de a\u00f1o.<\/strong> Con el objetivo de prevenir cualquier eventualidad, las dependencias estar\u00e1n atentas para brindar atenci\u00f3n a la ciudadan\u00eda, llevando a cabo rondines de seguridad y vigilancia, coordinados por la Direcci\u00f3n de Seguridad P\u00fablica, en colaboraci\u00f3n con el Mando Especial para la Laguna.La Direcci\u00f3n de Salud Municipal y el Departamento de Prevenci\u00f3n Social seguir\u00e1n laborando. Por lo cual se pone a disposici\u00f3n la Cl\u00ednica Municipal, para ofrecer servicios m\u00e9dicos las 24 horas del d\u00eda.La Coordinaci\u00f3n de Protecci\u00f3n Civil y Bomberos permanecer\u00e1 en alerta, listos para atender cualquier emergencia que pueda surgir durante el d\u00eda 31 y madrugada del d\u00eda primero de enero. Se hace un llamado especial a la ciudadan\u00eda para que vigilen las conexiones el\u00e9ctricas en sus hogares y supervisen a los ni\u00f1os, se exhorta a evitar el uso de p\u00f3lvora y la detonaci\u00f3n de armas de fuego, con el fin de prevenir accidentes.<\/p>\n","protected":false},"excerpt":{"rendered":"<p>31 de diciembre de 2024.- El ayuntamiento en coordinaci\u00f3n con el Mando Especial de La Laguna estableci\u00f3 que las direcciones operativas del municipio redoblar\u00e1n las acciones de prevenci\u00f3n y seguridad, durante las festividades de fin de a\u00f1o. Con el objetivo de prevenir cualquier eventualidad, las dependencias estar\u00e1n atentas para brindar atenci\u00f3n a la ciudadan\u00eda, llevando&#8230;<\/p>\n","protected":false},"author":1,"featured_media":3573,"comment_status":"open","ping_status":"open","sticky":false,"template":"","format":"standard","meta":{"footnotes":""},"categories":[3],"tags":[],"class_list":["post-3572","post","type-post","status-publish","format-standard","has-post-thumbnail","hentry","category-lerdo"],"_links":{"self":[{"href":"https:\/\/lagumex.mx\/index\/wp-json\/wp\/v2\/posts\/3572","targetHints":{"allow":["GET"]}}],"collection":[{"href":"https:\/\/lagumex.mx\/index\/wp-json\/wp\/v2\/posts"}],"about":[{"href":"https:\/\/lagumex.mx\/index\/wp-json\/wp\/v2\/types\/post"}],"author":[{"embeddable":true,"href":"https:\/\/lagumex.mx\/index\/wp-json\/wp\/v2\/users\/1"}],"replies":[{"embeddable":true,"href":"https:\/\/lagumex.mx\/index\/wp-json\/wp\/v2\/comments?post=3572"}],"version-history":[{"count":1,"href":"https:\/\/lagumex.mx\/index\/wp-json\/wp\/v2\/posts\/3572\/revisions"}],"predecessor-version":[{"id":3574,"href":"https:\/\/lagumex.mx\/index\/wp-json\/wp\/v2\/posts\/3572\/revisions\/3574"}],"wp:featuredmedia":[{"embeddable":true,"href":"https:\/\/lagumex.mx\/index\/wp-json\/wp\/v2\/media\/3573"}],"wp:attachment":[{"href":"https:\/\/lagumex.mx\/index\/wp-json\/wp\/v2\/media?parent=3572"}],"wp:term":[{"taxonomy":"category","embeddable":true,"href":"https:\/\/lagumex.mx\/index\/wp-json\/wp\/v2\/categories?post=3572"},{"taxonomy":"post_tag","embeddable":true,"href":"https:\/\/lagumex.mx\/index\/wp-json\/wp\/v2\/tags?post=3572"}],"curies":[{"name":"wp","href":"https:\/\/api.w.org\/{rel}","templated":true}]}}