{"id":3565,"date":"2024-12-24T21:16:00","date_gmt":"2024-12-24T21:16:00","guid":{"rendered":"http:\/\/lagumex.mx\/index\/?p=3565"},"modified":"2025-01-07T21:17:21","modified_gmt":"2025-01-07T21:17:21","slug":"sin-fecha-potabilizadora-de-agua-saludable","status":"publish","type":"post","link":"https:\/\/lagumex.mx\/index\/lerdo\/sin-fecha-potabilizadora-de-agua-saludable\/","title":{"rendered":"Sin fecha, potabilizadora de Agua Saludable"},"content":{"rendered":"\n<p>24 de diciembre de 2024.- En cuanto a la planta potabilizadora, el alcalde de Lerdo mencion\u00f3 que no se ha definido qu\u00e9 orden de gobierno se encargar\u00e1 de operarla: \u201cAh\u00ed est\u00e1 la planta, falta definir qui\u00e9n se encargar\u00e1 de operarla. Gabriel (Riestra) habr\u00e1 de convocar a los gobernadores tanto de Coahuila como de Durango y a los alcaldes involucrados para decidir qu\u00e9 hacer al respecto\u201d<strong>Autoridades locales desconocen cu\u00e1ndo se reanudar\u00e1 la actividad de la planta potabilizadora de Agua Saludable para la Laguna (ASL) que se suspendi\u00f3 hace 10 d\u00edas, afectando el suministro a Lerdo, G\u00f3mez Palacio y Torre\u00f3n<\/strong>. La obra de ASL se anunci\u00f3 al pueblo duranguense en 2019. El proyecto se present\u00f3 formalmente el 26 de agosto de 2020.\u00a0<\/p>\n\n\n\n<p>La construcci\u00f3n inici\u00f3 en marzo de 2022 y, aunque el presidente de la Rep\u00fablica anunci\u00f3 que ASL concluir\u00eda antes de terminar su sexenio en 2023, esto no se ha cumplido. El primer retraso se debi\u00f3 al rechazo inicial al proyecto, lo que motiv\u00f3 la realizaci\u00f3n de seis mesas tem\u00e1ticas de di\u00e1logo entre agosto y septiembre de 2021.&nbsp;<strong>El segundo y m\u00e1s importante retraso fue que el recurso federal para ejecutar las grandes obras de ASL, m\u00e1s de 8 mil millones de pesos, fue etiquetado hasta 2023.&nbsp;<\/strong>Para 2024, se etiquetaron m\u00e1s de 5 mil millones de pesos, pero no se ha informado cu\u00e1nto de ese recurso se ha ejercido.<\/p>\n","protected":false},"excerpt":{"rendered":"<p>24 de diciembre de 2024.- En cuanto a la planta potabilizadora, el alcalde de Lerdo mencion\u00f3 que no se ha definido qu\u00e9 orden de gobierno se encargar\u00e1 de operarla: \u201cAh\u00ed est\u00e1 la planta, falta definir qui\u00e9n se encargar\u00e1 de operarla. Gabriel (Riestra) habr\u00e1 de convocar a los gobernadores tanto de Coahuila como de Durango y&#8230;<\/p>\n","protected":false},"author":1,"featured_media":0,"comment_status":"open","ping_status":"open","sticky":false,"template":"","format":"standard","meta":{"footnotes":""},"categories":[3],"tags":[],"class_list":["post-3565","post","type-post","status-publish","format-standard","hentry","category-lerdo"],"_links":{"self":[{"href":"https:\/\/lagumex.mx\/index\/wp-json\/wp\/v2\/posts\/3565","targetHints":{"allow":["GET"]}}],"collection":[{"href":"https:\/\/lagumex.mx\/index\/wp-json\/wp\/v2\/posts"}],"about":[{"href":"https:\/\/lagumex.mx\/index\/wp-json\/wp\/v2\/types\/post"}],"author":[{"embeddable":true,"href":"https:\/\/lagumex.mx\/index\/wp-json\/wp\/v2\/users\/1"}],"replies":[{"embeddable":true,"href":"https:\/\/lagumex.mx\/index\/wp-json\/wp\/v2\/comments?post=3565"}],"version-history":[{"count":1,"href":"https:\/\/lagumex.mx\/index\/wp-json\/wp\/v2\/posts\/3565\/revisions"}],"predecessor-version":[{"id":3566,"href":"https:\/\/lagumex.mx\/index\/wp-json\/wp\/v2\/posts\/3565\/revisions\/3566"}],"wp:attachment":[{"href":"https:\/\/lagumex.mx\/index\/wp-json\/wp\/v2\/media?parent=3565"}],"wp:term":[{"taxonomy":"category","embeddable":true,"href":"https:\/\/lagumex.mx\/index\/wp-json\/wp\/v2\/categories?post=3565"},{"taxonomy":"post_tag","embeddable":true,"href":"https:\/\/lagumex.mx\/index\/wp-json\/wp\/v2\/tags?post=3565"}],"curies":[{"name":"wp","href":"https:\/\/api.w.org\/{rel}","templated":true}]}}