{"id":3504,"date":"2024-12-27T07:54:00","date_gmt":"2024-12-27T07:54:00","guid":{"rendered":"http:\/\/lagumex.mx\/index\/?p=3504"},"modified":"2024-12-27T19:56:09","modified_gmt":"2024-12-27T19:56:09","slug":"es-prioridad-en-lerdo-atencion-a-la-discapacidad-e-inclusion","status":"publish","type":"post","link":"https:\/\/lagumex.mx\/index\/lerdo\/es-prioridad-en-lerdo-atencion-a-la-discapacidad-e-inclusion\/","title":{"rendered":"Es prioridad en Lerdo atenci\u00f3n a la discapacidad e inclusi\u00f3n"},"content":{"rendered":"\n<p>27 de diciembre de 2024.- Durante este a\u00f1o, el Presidente Municipal Homero Mart\u00ednez Cabrera, a trav\u00e9s del Ayuntamiento de Lerdo hizo\u00a0<strong>entrega de aparatos ortop\u00e9dicos y auditivos beneficiando a cientos de personas con discapacidad\u00a0<\/strong>en el municipio y, con ello, a sus familias. <\/p>\n\n\n\n<p>De igual manera, con el prop\u00f3sito de promover la inclusi\u00f3n y dar a conocer a la poblaci\u00f3n sobre la importancia de respetar las zonas para discapacitados, ayudarles cuando as\u00ed lo requieran y conocer qu\u00e9 es el espectro autista, se realizaron m\u00e1s de un centenar de visitas a escuelas con pl\u00e1ticas y orientaciones. Y se dialog\u00f3 con los directivos de las mismas para inscribir a ni\u00f1os y j\u00f3venes autistas, garantizando as\u00ed el derecho a la educaci\u00f3n de m\u00e1s de medio centenar de personas con el Trastorno de Espectro Autista (TEA).En cuanto al desarrollo motriz e intelectual de las personas con discapacidad, se impartieron una serie de talleres de elaboraci\u00f3n de pi\u00f1atas y bisuter\u00eda durante este a\u00f1o, fomentando tambi\u00e9n la sana convivencia entre los participantes, y permitiendo que con estas nuevas habilidades aprendidas puedan generar una fuente de empleo propia, aportando en la econom\u00eda familiar. Adem\u00e1s, a trav\u00e9s del Instituto Municipal para el<strong>\u00a0Desarrollo y la Inclusi\u00f3n de Personas con Discapacidad<\/strong>, en la Unidad Administrativa de San Isidro se han recibido a m\u00e1s de un millar de ciudadanos y a la par, se han realizado 650 visitas domiciliarias para atenci\u00f3n de casos espec\u00edficos, atenciones y canalizaciones hacia el CRIT, el CREE y con especialistas para diagn\u00f3stico.<\/p>\n","protected":false},"excerpt":{"rendered":"<p>27 de diciembre de 2024.- Durante este a\u00f1o, el Presidente Municipal Homero Mart\u00ednez Cabrera, a trav\u00e9s del Ayuntamiento de Lerdo hizo\u00a0entrega de aparatos ortop\u00e9dicos y auditivos beneficiando a cientos de personas con discapacidad\u00a0en el municipio y, con ello, a sus familias. De igual manera, con el prop\u00f3sito de promover la inclusi\u00f3n y dar a conocer&#8230;<\/p>\n","protected":false},"author":1,"featured_media":3505,"comment_status":"open","ping_status":"open","sticky":false,"template":"","format":"standard","meta":{"footnotes":""},"categories":[3],"tags":[],"class_list":["post-3504","post","type-post","status-publish","format-standard","has-post-thumbnail","hentry","category-lerdo"],"_links":{"self":[{"href":"https:\/\/lagumex.mx\/index\/wp-json\/wp\/v2\/posts\/3504","targetHints":{"allow":["GET"]}}],"collection":[{"href":"https:\/\/lagumex.mx\/index\/wp-json\/wp\/v2\/posts"}],"about":[{"href":"https:\/\/lagumex.mx\/index\/wp-json\/wp\/v2\/types\/post"}],"author":[{"embeddable":true,"href":"https:\/\/lagumex.mx\/index\/wp-json\/wp\/v2\/users\/1"}],"replies":[{"embeddable":true,"href":"https:\/\/lagumex.mx\/index\/wp-json\/wp\/v2\/comments?post=3504"}],"version-history":[{"count":1,"href":"https:\/\/lagumex.mx\/index\/wp-json\/wp\/v2\/posts\/3504\/revisions"}],"predecessor-version":[{"id":3506,"href":"https:\/\/lagumex.mx\/index\/wp-json\/wp\/v2\/posts\/3504\/revisions\/3506"}],"wp:featuredmedia":[{"embeddable":true,"href":"https:\/\/lagumex.mx\/index\/wp-json\/wp\/v2\/media\/3505"}],"wp:attachment":[{"href":"https:\/\/lagumex.mx\/index\/wp-json\/wp\/v2\/media?parent=3504"}],"wp:term":[{"taxonomy":"category","embeddable":true,"href":"https:\/\/lagumex.mx\/index\/wp-json\/wp\/v2\/categories?post=3504"},{"taxonomy":"post_tag","embeddable":true,"href":"https:\/\/lagumex.mx\/index\/wp-json\/wp\/v2\/tags?post=3504"}],"curies":[{"name":"wp","href":"https:\/\/api.w.org\/{rel}","templated":true}]}}