{"id":3465,"date":"2024-12-16T19:21:17","date_gmt":"2024-12-16T19:21:17","guid":{"rendered":"http:\/\/lagumex.mx\/index\/?p=3465"},"modified":"2024-12-27T19:22:18","modified_gmt":"2024-12-27T19:22:18","slug":"trabajamos-para-que-personal-de-salud-cuente-con-mejores-condiciones-esteban-y-marisol-reconocen-a-personal-de-la-ssd-por-anos-de-servicio","status":"publish","type":"post","link":"https:\/\/lagumex.mx\/index\/durango\/trabajamos-para-que-personal-de-salud-cuente-con-mejores-condiciones-esteban-y-marisol-reconocen-a-personal-de-la-ssd-por-anos-de-servicio\/","title":{"rendered":"Trabajamos para que personal de salud cuente con mejores condiciones; Esteban y Marisol reconocen a personal de la SSD por a\u00f1os de servicio"},"content":{"rendered":"\n<p>16 de diciembre de 2024.- En el a\u00f1o 2025, vamos a trabajar para contar con mejor infraestructura, una plantilla laboral completa, la regularizaci\u00f3n los tabuladores y la basificaci\u00f3n al personal de la Secretar\u00eda de Salud para que cuente con condiciones dignas en sus \u00e1reas de trabajo, dijo el gobernador Esteban Villegas Villarreal quien junto a su esposa Marisol Rosso Rivera, entreg\u00f3 est\u00edmulos econ\u00f3micos a 347 trabajadores que fueron reconocidos por sus a\u00f1os de servicio.<\/p>\n\n\n\n<p>\u201cDurango va a cambiar por completo y lo vamos a hacer juntos, la Secretar\u00eda de Salud no se puede quedar a la mitad, tiene que tener un crecimiento y en el 2025, ser\u00e1 m\u00e1s eficiente en cada rinc\u00f3n del estado\u201d, expres\u00f3 Villegas Villarreal al felicitar al personal por su trabajo, esfuerzo, dedicaci\u00f3n y amor&nbsp; que le imprimen a su labor todos los d\u00edas.<\/p>\n\n\n\n<p>Con espacios dignos para que desempe\u00f1en sus funciones y m\u00e1s personal, quiero dejar un legado en la Secretar\u00eda de Salud porque es parte de mi formaci\u00f3n, asegur\u00f3 el Mandatario Estatal al reconocer a m\u00e9dicos, enfermeras, qu\u00edmicos, dentistas, laboratoristas, nutri\u00f3logos, psic\u00f3logos, trabajadores sociales, despachadores de farmacia, dietistas, cocineros, personal de programas de salud, estad\u00edstica, atenci\u00f3n primaria, afanadoras, camilleros, veterinarios, personal de lavander\u00eda, calderistas y administrativos.<\/p>\n\n\n\n<p>El secretario de Salud, Mois\u00e9s N\u00e1jera Torres, expres\u00f3 su reconocimiento a todos los trabajadores por los a\u00f1os de servicio en las diferentes \u00e1reas de esta dependencia, \u00abellos siempre est\u00e1n dispuestos a trabajar, es por eso que el Gobernador realiza un esfuerzo para darles este est\u00edmulo, para reconocerles por su dedicaci\u00f3n y pasi\u00f3n a su trabajo\u201d.<\/p>\n\n\n\n<p>Tambi\u00e9n, el alcalde To\u00f1o Ochoa, felicit\u00f3 a los profesionales de la salud, por su trayectoria dedicada a cuidar la salud de los duranguenses.<\/p>\n\n\n\n<p>Este d\u00eda se reconoci\u00f3 el trabajo del personal de la Secretar\u00eda de Salud con 20, 25, 30, 35, 40, 45 y 50 a\u00f1os de servicio, a quienes se les entreg\u00f3 una medalla y est\u00edmulos econ\u00f3micos que podr\u00e1n disponer desde hoy mismo.<\/p>\n","protected":false},"excerpt":{"rendered":"<p>16 de diciembre de 2024.- En el a\u00f1o 2025, vamos a trabajar para contar con mejor infraestructura, una plantilla laboral completa, la regularizaci\u00f3n los tabuladores y la basificaci\u00f3n al personal de la Secretar\u00eda de Salud para que cuente con condiciones dignas en sus \u00e1reas de trabajo, dijo el gobernador Esteban Villegas Villarreal quien junto a&#8230;<\/p>\n","protected":false},"author":1,"featured_media":3466,"comment_status":"open","ping_status":"open","sticky":false,"template":"","format":"standard","meta":{"footnotes":""},"categories":[1],"tags":[],"class_list":["post-3465","post","type-post","status-publish","format-standard","has-post-thumbnail","hentry","category-durango"],"_links":{"self":[{"href":"https:\/\/lagumex.mx\/index\/wp-json\/wp\/v2\/posts\/3465","targetHints":{"allow":["GET"]}}],"collection":[{"href":"https:\/\/lagumex.mx\/index\/wp-json\/wp\/v2\/posts"}],"about":[{"href":"https:\/\/lagumex.mx\/index\/wp-json\/wp\/v2\/types\/post"}],"author":[{"embeddable":true,"href":"https:\/\/lagumex.mx\/index\/wp-json\/wp\/v2\/users\/1"}],"replies":[{"embeddable":true,"href":"https:\/\/lagumex.mx\/index\/wp-json\/wp\/v2\/comments?post=3465"}],"version-history":[{"count":1,"href":"https:\/\/lagumex.mx\/index\/wp-json\/wp\/v2\/posts\/3465\/revisions"}],"predecessor-version":[{"id":3467,"href":"https:\/\/lagumex.mx\/index\/wp-json\/wp\/v2\/posts\/3465\/revisions\/3467"}],"wp:featuredmedia":[{"embeddable":true,"href":"https:\/\/lagumex.mx\/index\/wp-json\/wp\/v2\/media\/3466"}],"wp:attachment":[{"href":"https:\/\/lagumex.mx\/index\/wp-json\/wp\/v2\/media?parent=3465"}],"wp:term":[{"taxonomy":"category","embeddable":true,"href":"https:\/\/lagumex.mx\/index\/wp-json\/wp\/v2\/categories?post=3465"},{"taxonomy":"post_tag","embeddable":true,"href":"https:\/\/lagumex.mx\/index\/wp-json\/wp\/v2\/tags?post=3465"}],"curies":[{"name":"wp","href":"https:\/\/api.w.org\/{rel}","templated":true}]}}