{"id":3462,"date":"2024-12-15T19:20:09","date_gmt":"2024-12-15T19:20:09","guid":{"rendered":"http:\/\/lagumex.mx\/index\/?p=3462"},"modified":"2024-12-27T19:21:16","modified_gmt":"2024-12-27T19:21:16","slug":"inauguran-marisol-y-esteban-la-feria-navidena-con-atractivos-unicos-y-gratuitos","status":"publish","type":"post","link":"https:\/\/lagumex.mx\/index\/durango\/inauguran-marisol-y-esteban-la-feria-navidena-con-atractivos-unicos-y-gratuitos\/","title":{"rendered":"Inauguran Marisol y Esteban la Feria Navide\u00f1a con atractivos \u00fanicos y gratuitos"},"content":{"rendered":"\n<p>15 de diciembre de 2024.- Estar\u00e1 abierta del 15 de diciembre al 06 de enero; las salidas del transporte gratuito se instalar\u00e1n en la Central Camionera, Soriana Madero y Plazuela Baca Ortiz.<\/p>\n\n\n\n<p>En un&nbsp;ambiente de ilusi\u00f3n y esperanza, los duranguenses podr\u00e1n participar de las tradicionales posadas, afirmaron el gobernador Esteban Villegas Villarreal y su esposa Marisol Rosso, al inaugurar la Feria Navide\u00f1a con diversos atractivos como la pista de hielo, el tradicional nacimiento y diversos espect\u00e1culos gratuitos.<\/p>\n\n\n\n<p>Despu\u00e9s de realizar el encendido de luces con una bonita historia navide\u00f1a proyectada en la fachada del recinto ferial, el Mandatario Estatal, dio a conocer que el acceso a esta Feria Navide\u00f1a ser\u00e1 gratuito, para disfrutar de&nbsp;los atractivos, como el tradicional Nacimiento, que por primera ocasi\u00f3n, se coloc\u00f3 en este recinto, con m\u00e1s de 250 figuras de tama\u00f1o real, en un espacio para que todos los locales y visitantes puedan disfrutar junto con las tradicionales posadas, la pista de hielo, coros de villancicos y obras teatrales.<\/p>\n\n\n\n<p>La pista de hielo, que se ubica dentro del Centro de Exposiciones, es un espacio que se podr\u00e1 disfrutar, de lunes a domingo, a partir de las&nbsp;12 horas del mediod\u00eda hasta las 22:00 horas, tambi\u00e9n habr\u00e1 juegos mec\u00e1nicos, Go Karts y una gran variedad de antojitos.&nbsp;<\/p>\n\n\n\n<p>Como parte de las actividades decembrinas, por tercer a\u00f1o consecutivo, tambi\u00e9n se llevar\u00e1 a cabo el Festival \u00abComo La Laguna Ninguna\u00bb del 16 al 20 de diciembre, un espacio lleno de m\u00fasica, con conciertos gratuitos y espect\u00e1culos&nbsp;para el deleite de toda la familia. Se contar\u00e1 con&nbsp;la&nbsp;presentaci\u00f3n de El\u00edseo Robles, Mariana Seoane, Cardenales de Nuevo Le\u00f3n, por mencionar algunos, as\u00ed como conciertos de jazz y rock.<\/p>\n\n\n\n<p>Finalmente, Esteban y Marisol, enviaron un mensaje navide\u00f1o para todos los ciudadanos, reafirmando su compromiso con la ni\u00f1ez duranguense, al desear que&nbsp;sigan cumpliendo sus sue\u00f1os y vivan unas fiestas alegres con juguetes y aguinaldos que se reparten en todo el estado.<\/p>\n\n\n\n<p>En este encendido navide\u00f1o tambi\u00e9n estuvieron el presidente municipal To\u00f1o Ochoa y el director de Ferias, Espect\u00e1culos y Paseos Tur\u00edsticos, Lauro Arce Gallegos, as\u00ed como integrantes del Gobierno Estatal y Municipal.<\/p>\n\n\n\n<p>La Feria Navide\u00f1a estar\u00e1 abierta del 15 de diciembre al 06 de enero; las salidas del transporte gratuito se instalar\u00e1n en la Central Camionera, Soriana Madero y Plazuela Baca Ortiz.<\/p>\n","protected":false},"excerpt":{"rendered":"<p>15 de diciembre de 2024.- Estar\u00e1 abierta del 15 de diciembre al 06 de enero; las salidas del transporte gratuito se instalar\u00e1n en la Central Camionera, Soriana Madero y Plazuela Baca Ortiz. En un&nbsp;ambiente de ilusi\u00f3n y esperanza, los duranguenses podr\u00e1n participar de las tradicionales posadas, afirmaron el gobernador Esteban Villegas Villarreal y su esposa&#8230;<\/p>\n","protected":false},"author":1,"featured_media":3463,"comment_status":"open","ping_status":"open","sticky":false,"template":"","format":"standard","meta":{"footnotes":""},"categories":[1],"tags":[],"class_list":["post-3462","post","type-post","status-publish","format-standard","has-post-thumbnail","hentry","category-durango"],"_links":{"self":[{"href":"https:\/\/lagumex.mx\/index\/wp-json\/wp\/v2\/posts\/3462","targetHints":{"allow":["GET"]}}],"collection":[{"href":"https:\/\/lagumex.mx\/index\/wp-json\/wp\/v2\/posts"}],"about":[{"href":"https:\/\/lagumex.mx\/index\/wp-json\/wp\/v2\/types\/post"}],"author":[{"embeddable":true,"href":"https:\/\/lagumex.mx\/index\/wp-json\/wp\/v2\/users\/1"}],"replies":[{"embeddable":true,"href":"https:\/\/lagumex.mx\/index\/wp-json\/wp\/v2\/comments?post=3462"}],"version-history":[{"count":1,"href":"https:\/\/lagumex.mx\/index\/wp-json\/wp\/v2\/posts\/3462\/revisions"}],"predecessor-version":[{"id":3464,"href":"https:\/\/lagumex.mx\/index\/wp-json\/wp\/v2\/posts\/3462\/revisions\/3464"}],"wp:featuredmedia":[{"embeddable":true,"href":"https:\/\/lagumex.mx\/index\/wp-json\/wp\/v2\/media\/3463"}],"wp:attachment":[{"href":"https:\/\/lagumex.mx\/index\/wp-json\/wp\/v2\/media?parent=3462"}],"wp:term":[{"taxonomy":"category","embeddable":true,"href":"https:\/\/lagumex.mx\/index\/wp-json\/wp\/v2\/categories?post=3462"},{"taxonomy":"post_tag","embeddable":true,"href":"https:\/\/lagumex.mx\/index\/wp-json\/wp\/v2\/tags?post=3462"}],"curies":[{"name":"wp","href":"https:\/\/api.w.org\/{rel}","templated":true}]}}