{"id":3444,"date":"2024-12-08T16:31:39","date_gmt":"2024-12-08T16:31:39","guid":{"rendered":"http:\/\/lagumex.mx\/index\/?p=3444"},"modified":"2024-12-13T16:35:46","modified_gmt":"2024-12-13T16:35:46","slug":"alumbrado-navideno-en-lerdo-una-sensacion-visual","status":"publish","type":"post","link":"https:\/\/lagumex.mx\/index\/lerdo\/alumbrado-navideno-en-lerdo-una-sensacion-visual\/","title":{"rendered":"Alumbrado navide\u00f1o en Lerdo, una sensaci\u00f3n visual"},"content":{"rendered":"\n<p>08 de diciembre de 2024.- La ciudad de Lerdo se pinto de colores y fantas\u00eda con la ilusi\u00f3n de los mas peque\u00f1os, se dio inicio el alumbrado navide\u00f1o, el Presidente Municipal Homero Mart\u00ednez Cabrera, junto a su esposa la diputada Susy Torrecillas, y sus hijos, dio inicio a la \u00e9poca decembrina con el encendido navide\u00f1o en Paseo Sarabia y la plaza principal de Ciudad Lerdo. El Alcalde dese\u00f3 felices fiestas a la ciudadan\u00eda y los invit\u00f3 a vivir sus festejos con responsabilidad. \u201cMe complace compartir con ustedes que estamos ya de fiesta en esta temporada decembrina. \u00a1Desearles a todos ustedes lo mejor en esta Navidad! los exhorto a qu\u00e9 vivamos estas fiestas con mucha paz, tranquilidad, armon\u00eda\u201d. La diputada Susy Torrecillas agradeci\u00f3 la presencia de cientos de habitantes que se fueron cita para ser testigos del encendido del pino de navidad. As\u00ed mismo, agradeci\u00f3 al Presidente Municipal Homero Mart\u00ednez Cabrera \u201cporque \u00e9l hace posible este tipo de obras y de espacios, en donde se puedan expresar todos nuestros artistas locales\u201d mencion\u00f3.El pino de m\u00e1s de 16 metros, fue decorado con coloridas figuras mexicanas, adornos navide\u00f1os, luces blancas y rojas, y una brillante estrella en la punta, celebrando de una manera \u00fanica y diferente la esperanza, la uni\u00f3n y la alegr\u00eda durante las fiestas decembrinas.Para crear este maravilloso escenario navide\u00f1o de coloridas luces, se cont\u00f3 con el trabajo colaborativo del Instituto de Arte y Cultura, junto con la direcci\u00f3n de Servicios P\u00fablicos, haciendo posible este gran evento. El Paseo Sarabia, la plaza y el kiosco tambi\u00e9n se iluminaron durante este encendido.<\/p>\n","protected":false},"excerpt":{"rendered":"<p>08 de diciembre de 2024.- La ciudad de Lerdo se pinto de colores y fantas\u00eda con la ilusi\u00f3n de los mas peque\u00f1os, se dio inicio el alumbrado navide\u00f1o, el Presidente Municipal Homero Mart\u00ednez Cabrera, junto a su esposa la diputada Susy Torrecillas, y sus hijos, dio inicio a la \u00e9poca decembrina con el encendido navide\u00f1o&#8230;<\/p>\n","protected":false},"author":1,"featured_media":3445,"comment_status":"open","ping_status":"open","sticky":false,"template":"","format":"standard","meta":{"footnotes":""},"categories":[3],"tags":[],"class_list":["post-3444","post","type-post","status-publish","format-standard","has-post-thumbnail","hentry","category-lerdo"],"_links":{"self":[{"href":"https:\/\/lagumex.mx\/index\/wp-json\/wp\/v2\/posts\/3444","targetHints":{"allow":["GET"]}}],"collection":[{"href":"https:\/\/lagumex.mx\/index\/wp-json\/wp\/v2\/posts"}],"about":[{"href":"https:\/\/lagumex.mx\/index\/wp-json\/wp\/v2\/types\/post"}],"author":[{"embeddable":true,"href":"https:\/\/lagumex.mx\/index\/wp-json\/wp\/v2\/users\/1"}],"replies":[{"embeddable":true,"href":"https:\/\/lagumex.mx\/index\/wp-json\/wp\/v2\/comments?post=3444"}],"version-history":[{"count":1,"href":"https:\/\/lagumex.mx\/index\/wp-json\/wp\/v2\/posts\/3444\/revisions"}],"predecessor-version":[{"id":3446,"href":"https:\/\/lagumex.mx\/index\/wp-json\/wp\/v2\/posts\/3444\/revisions\/3446"}],"wp:featuredmedia":[{"embeddable":true,"href":"https:\/\/lagumex.mx\/index\/wp-json\/wp\/v2\/media\/3445"}],"wp:attachment":[{"href":"https:\/\/lagumex.mx\/index\/wp-json\/wp\/v2\/media?parent=3444"}],"wp:term":[{"taxonomy":"category","embeddable":true,"href":"https:\/\/lagumex.mx\/index\/wp-json\/wp\/v2\/categories?post=3444"},{"taxonomy":"post_tag","embeddable":true,"href":"https:\/\/lagumex.mx\/index\/wp-json\/wp\/v2\/tags?post=3444"}],"curies":[{"name":"wp","href":"https:\/\/api.w.org\/{rel}","templated":true}]}}