{"id":3416,"date":"2024-12-10T14:28:09","date_gmt":"2024-12-10T14:28:09","guid":{"rendered":"http:\/\/lagumex.mx\/index\/?p=3416"},"modified":"2024-12-11T14:30:10","modified_gmt":"2024-12-11T14:30:10","slug":"siguen-las-capacitaciones-sobre-el-par-vial-villa-juarez","status":"publish","type":"post","link":"https:\/\/lagumex.mx\/index\/lerdo\/siguen-las-capacitaciones-sobre-el-par-vial-villa-juarez\/","title":{"rendered":"Siguen las capacitaciones sobre el par vial Villa Ju\u00e1rez"},"content":{"rendered":"\n<p>10 de diciembre de 2024.- <strong>La Direcci\u00f3n de Tr\u00e1nsito y Vialidad de Lerdo contin\u00faa llevando a cabo capacitaciones dirigidas a la comunidad estudiantil sobre la modificaci\u00f3n del Par Vial Villa Ju\u00e1rez. En esta ocasi\u00f3n, se visit\u00f3 la Escuela Primaria L\u00e1zaro C\u00e1rdenas del R\u00edo, turno matutino, y durante esta semana se atender\u00e1 al alumnado del turno vespertino.<\/strong> Los infantes participaron en actividades educativas y recreativas, aprendiendo sobre los reglamentos viales b\u00e1sicos, la importancia de la responsabilidad de conductores y peatones, el respeto a las se\u00f1alizaciones, los l\u00edmites de velocidad en escuelas y espacios p\u00fablicos, as\u00ed como el uso adecuado del cintur\u00f3n de seguridad.Francisco De Hoyos Mart\u00ednez, director de Tr\u00e1nsito y Vialidad en el Municipio de Lerdo, se\u00f1al\u00f3 que la implementaci\u00f3n de esta estrategia vial, impulsada por el Alcalde Homero Mart\u00ednez, traer\u00e1 beneficios significativos para la movilidad diaria de los habitantes, as\u00ed como de los ciudadanos que cada fin de semana acuden a la villa.<\/p>\n\n\n\n<p><\/p>\n","protected":false},"excerpt":{"rendered":"<p>10 de diciembre de 2024.- La Direcci\u00f3n de Tr\u00e1nsito y Vialidad de Lerdo contin\u00faa llevando a cabo capacitaciones dirigidas a la comunidad estudiantil sobre la modificaci\u00f3n del Par Vial Villa Ju\u00e1rez. En esta ocasi\u00f3n, se visit\u00f3 la Escuela Primaria L\u00e1zaro C\u00e1rdenas del R\u00edo, turno matutino, y durante esta semana se atender\u00e1 al alumnado del turno&#8230;<\/p>\n","protected":false},"author":1,"featured_media":3417,"comment_status":"open","ping_status":"open","sticky":false,"template":"","format":"standard","meta":{"footnotes":""},"categories":[3],"tags":[],"class_list":["post-3416","post","type-post","status-publish","format-standard","has-post-thumbnail","hentry","category-lerdo"],"_links":{"self":[{"href":"https:\/\/lagumex.mx\/index\/wp-json\/wp\/v2\/posts\/3416","targetHints":{"allow":["GET"]}}],"collection":[{"href":"https:\/\/lagumex.mx\/index\/wp-json\/wp\/v2\/posts"}],"about":[{"href":"https:\/\/lagumex.mx\/index\/wp-json\/wp\/v2\/types\/post"}],"author":[{"embeddable":true,"href":"https:\/\/lagumex.mx\/index\/wp-json\/wp\/v2\/users\/1"}],"replies":[{"embeddable":true,"href":"https:\/\/lagumex.mx\/index\/wp-json\/wp\/v2\/comments?post=3416"}],"version-history":[{"count":1,"href":"https:\/\/lagumex.mx\/index\/wp-json\/wp\/v2\/posts\/3416\/revisions"}],"predecessor-version":[{"id":3418,"href":"https:\/\/lagumex.mx\/index\/wp-json\/wp\/v2\/posts\/3416\/revisions\/3418"}],"wp:featuredmedia":[{"embeddable":true,"href":"https:\/\/lagumex.mx\/index\/wp-json\/wp\/v2\/media\/3417"}],"wp:attachment":[{"href":"https:\/\/lagumex.mx\/index\/wp-json\/wp\/v2\/media?parent=3416"}],"wp:term":[{"taxonomy":"category","embeddable":true,"href":"https:\/\/lagumex.mx\/index\/wp-json\/wp\/v2\/categories?post=3416"},{"taxonomy":"post_tag","embeddable":true,"href":"https:\/\/lagumex.mx\/index\/wp-json\/wp\/v2\/tags?post=3416"}],"curies":[{"name":"wp","href":"https:\/\/api.w.org\/{rel}","templated":true}]}}