{"id":3413,"date":"2024-12-11T02:26:00","date_gmt":"2024-12-11T02:26:00","guid":{"rendered":"http:\/\/lagumex.mx\/index\/?p=3413"},"modified":"2024-12-11T14:28:08","modified_gmt":"2024-12-11T14:28:08","slug":"omar-castaneda-ve-potencial-en-alvarez-maynez-para-fortalecer-mc","status":"publish","type":"post","link":"https:\/\/lagumex.mx\/index\/gomez-palacio\/omar-castaneda-ve-potencial-en-alvarez-maynez-para-fortalecer-mc\/","title":{"rendered":"Omar Casta\u00f1eda ve potencial en \u00c1lvarez M\u00e1ynez para fortalecer MC"},"content":{"rendered":"\n<p>11 de diciembre de 2024.- <strong>Luego de que Jorge \u00c1lvarez M\u00e1ynez fuera nombrado como el nuevo coordinador nacional de Movimiento Ciudadano (MC), el coordinador estatal en Durango de este partido, Omar Casta\u00f1eda, dijo que el anuncio ha generado optimismo y esperanza entre sus filas.<\/strong> <\/p>\n\n\n\n<p>\u201cEs un hombre que motiv\u00f3 a 6.5 millones de mexicanas y mexicanos sin recurrir a programas sociales, despensas, ni dinero, sino apelando a las conciencias. Esa calidad como l\u00edder lo posiciona como una elecci\u00f3n positiva para dirigir nuestro instituto pol\u00edtico\u201d, afirm\u00f3 Omar Casta\u00f1eda.<\/p>\n\n\n\n<p>Indic\u00f3 que \u00c1lvarez M\u00e1ynez, fue quien lider\u00f3 la iniciativa Movimiento Escucha para acercarse a las necesidades de la ciudadan\u00eda, y agreg\u00f3 que ha sido reconocido por su trayectoria legislativa, destac\u00e1ndose como el diputado m\u00e1s productivo de la LXV Legislatura. Esta experiencia, asegur\u00f3 Omar Casta\u00f1eda que para Durango, ser\u00e1 clave para replicar los \u00e9xitos de gobiernos ciudadanos en estados como Jalisco y Nuevo Le\u00f3n, y proyectar estos modelos en otras entidades del pa\u00eds.<\/p>\n","protected":false},"excerpt":{"rendered":"<p>11 de diciembre de 2024.- Luego de que Jorge \u00c1lvarez M\u00e1ynez fuera nombrado como el nuevo coordinador nacional de Movimiento Ciudadano (MC), el coordinador estatal en Durango de este partido, Omar Casta\u00f1eda, dijo que el anuncio ha generado optimismo y esperanza entre sus filas. \u201cEs un hombre que motiv\u00f3 a 6.5 millones de mexicanas y&#8230;<\/p>\n","protected":false},"author":1,"featured_media":3414,"comment_status":"open","ping_status":"open","sticky":false,"template":"","format":"standard","meta":{"footnotes":""},"categories":[12],"tags":[],"class_list":["post-3413","post","type-post","status-publish","format-standard","has-post-thumbnail","hentry","category-gomez-palacio"],"_links":{"self":[{"href":"https:\/\/lagumex.mx\/index\/wp-json\/wp\/v2\/posts\/3413","targetHints":{"allow":["GET"]}}],"collection":[{"href":"https:\/\/lagumex.mx\/index\/wp-json\/wp\/v2\/posts"}],"about":[{"href":"https:\/\/lagumex.mx\/index\/wp-json\/wp\/v2\/types\/post"}],"author":[{"embeddable":true,"href":"https:\/\/lagumex.mx\/index\/wp-json\/wp\/v2\/users\/1"}],"replies":[{"embeddable":true,"href":"https:\/\/lagumex.mx\/index\/wp-json\/wp\/v2\/comments?post=3413"}],"version-history":[{"count":1,"href":"https:\/\/lagumex.mx\/index\/wp-json\/wp\/v2\/posts\/3413\/revisions"}],"predecessor-version":[{"id":3415,"href":"https:\/\/lagumex.mx\/index\/wp-json\/wp\/v2\/posts\/3413\/revisions\/3415"}],"wp:featuredmedia":[{"embeddable":true,"href":"https:\/\/lagumex.mx\/index\/wp-json\/wp\/v2\/media\/3414"}],"wp:attachment":[{"href":"https:\/\/lagumex.mx\/index\/wp-json\/wp\/v2\/media?parent=3413"}],"wp:term":[{"taxonomy":"category","embeddable":true,"href":"https:\/\/lagumex.mx\/index\/wp-json\/wp\/v2\/categories?post=3413"},{"taxonomy":"post_tag","embeddable":true,"href":"https:\/\/lagumex.mx\/index\/wp-json\/wp\/v2\/tags?post=3413"}],"curies":[{"name":"wp","href":"https:\/\/api.w.org\/{rel}","templated":true}]}}