{"id":3404,"date":"2024-12-04T14:20:55","date_gmt":"2024-12-04T14:20:55","guid":{"rendered":"http:\/\/lagumex.mx\/index\/?p=3404"},"modified":"2024-12-11T14:23:45","modified_gmt":"2024-12-11T14:23:45","slug":"arrancara-taller-de-pinatas-en-biblioteca-de-lerdo-este-proximo-jueves","status":"publish","type":"post","link":"https:\/\/lagumex.mx\/index\/lerdo\/arrancara-taller-de-pinatas-en-biblioteca-de-lerdo-este-proximo-jueves\/","title":{"rendered":"ARRANCARA TALLER DE PI\u00d1ATAS EN BIBLIOTECA DE LERDO ESTE PROXIMO JUEVES"},"content":{"rendered":"\n<p>04 de diciembre de 2024.- Este jueves dar\u00e1 inicio el taller de elaboraci\u00f3n de pi\u00f1atas en la Biblioteca \u201cBenito Ju\u00e1rez\u201d, ubicada en la zona Centro,\u00a0as\u00ed lo dio a conocer la Coordinadora de Bibliotecas P\u00fablicas Municipales, Yuri Edith Ch\u00e1vez.<\/p>\n\n\n\n<p>La funcionaria comparti\u00f3 que en las once bibliotecas p\u00fablicas del municipio se realizar\u00e1n actividades acordes a la \u00e9poca decembrina, pues la instrucci\u00f3n del Presidente Municipal, el Dr. Homero Mart\u00ednez Cabrera, es generar espacios de convivencia en donde la ciudadan\u00eda pueda desarrollar habilidades y aptitudes, mediante talleres gratuitos impartidos por el personal bibliotecario.<\/p>\n\n\n\n<p>Tal es el caso del curso de elaboraci\u00f3n de pi\u00f1atas, que se desarrollar\u00e1 del 5 al 19 de diciembre, los d\u00edas martes y jueves, en un horario de 11:00 de la ma\u00f1ana a 1:00 de la tarde, en la Biblioteca de Ciudad Jard\u00edn.<\/p>\n\n\n\n<p>Los interesados pueden acercarse, pedir informes y formar parte del grupo. La Biblioteca \u201cBenito Ju\u00e1rez\u201d se encuentra frente a la plaza principal, sobre la avenida Francisco I. Madero (entre calle Hidalgo y prolongaci\u00f3n Allende), y mantiene sus puertas abiertas en un horario de 8:00 de la ma\u00f1ana a 4:00 de la tarde.<\/p>\n","protected":false},"excerpt":{"rendered":"<p>04 de diciembre de 2024.- Este jueves dar\u00e1 inicio el taller de elaboraci\u00f3n de pi\u00f1atas en la Biblioteca \u201cBenito Ju\u00e1rez\u201d, ubicada en la zona Centro,\u00a0as\u00ed lo dio a conocer la Coordinadora de Bibliotecas P\u00fablicas Municipales, Yuri Edith Ch\u00e1vez. La funcionaria comparti\u00f3 que en las once bibliotecas p\u00fablicas del municipio se realizar\u00e1n actividades acordes a la&#8230;<\/p>\n","protected":false},"author":1,"featured_media":3405,"comment_status":"open","ping_status":"open","sticky":false,"template":"","format":"standard","meta":{"footnotes":""},"categories":[3],"tags":[],"class_list":["post-3404","post","type-post","status-publish","format-standard","has-post-thumbnail","hentry","category-lerdo"],"_links":{"self":[{"href":"https:\/\/lagumex.mx\/index\/wp-json\/wp\/v2\/posts\/3404","targetHints":{"allow":["GET"]}}],"collection":[{"href":"https:\/\/lagumex.mx\/index\/wp-json\/wp\/v2\/posts"}],"about":[{"href":"https:\/\/lagumex.mx\/index\/wp-json\/wp\/v2\/types\/post"}],"author":[{"embeddable":true,"href":"https:\/\/lagumex.mx\/index\/wp-json\/wp\/v2\/users\/1"}],"replies":[{"embeddable":true,"href":"https:\/\/lagumex.mx\/index\/wp-json\/wp\/v2\/comments?post=3404"}],"version-history":[{"count":2,"href":"https:\/\/lagumex.mx\/index\/wp-json\/wp\/v2\/posts\/3404\/revisions"}],"predecessor-version":[{"id":3408,"href":"https:\/\/lagumex.mx\/index\/wp-json\/wp\/v2\/posts\/3404\/revisions\/3408"}],"wp:featuredmedia":[{"embeddable":true,"href":"https:\/\/lagumex.mx\/index\/wp-json\/wp\/v2\/media\/3405"}],"wp:attachment":[{"href":"https:\/\/lagumex.mx\/index\/wp-json\/wp\/v2\/media?parent=3404"}],"wp:term":[{"taxonomy":"category","embeddable":true,"href":"https:\/\/lagumex.mx\/index\/wp-json\/wp\/v2\/categories?post=3404"},{"taxonomy":"post_tag","embeddable":true,"href":"https:\/\/lagumex.mx\/index\/wp-json\/wp\/v2\/tags?post=3404"}],"curies":[{"name":"wp","href":"https:\/\/api.w.org\/{rel}","templated":true}]}}