{"id":3402,"date":"2024-12-05T14:18:46","date_gmt":"2024-12-05T14:18:46","guid":{"rendered":"http:\/\/lagumex.mx\/index\/?p=3402"},"modified":"2024-12-11T14:20:53","modified_gmt":"2024-12-11T14:20:53","slug":"navidad-llegara-a-lerdo","status":"publish","type":"post","link":"https:\/\/lagumex.mx\/index\/lerdo\/navidad-llegara-a-lerdo\/","title":{"rendered":"NAVIDAD LLEGARA A LERDO"},"content":{"rendered":"\n<p>05 de diciembre de 2024.- El Presidente Municipal, Homero Mart\u00ednez Cabrera, inform\u00f3 que este pr\u00f3ximo s\u00e1bado 7 de diciembre se llevar\u00e1 a cabo\u00a0el tradicional encendido navide\u00f1o en Ciudad Lerdo.<\/p>\n\n\n\n<p>El alcalde mencion\u00f3 que el evento inicialmente estaba programado para el viernes, pero se reprogram\u00f3 debido a compromisos en la capital del estado, incluyendo una reuni\u00f3n convocada por el Gobernador Esteban Villegas. Por ello, el encendido se realizar\u00e1 este s\u00e1bado.<\/p>\n\n\n\n<p>Homero Mart\u00ednez destac\u00f3 que los gastos en adornos navide\u00f1os representan una inversi\u00f3n de entre 500 y 800 mil pesos. Subray\u00f3 que esta cifra es acorde con la situaci\u00f3n financiera del municipio y que los trabajos fueron realizados por las dependencias municipales con un enfoque de austeridad.<\/p>\n\n\n\n<p>El evento busca congregar a las familias lerdenses para disfrutar de un espect\u00e1culo de luces y fortalecer las tradiciones de la temporada, promoviendo valores de uni\u00f3n y generosidad.<\/p>\n\n\n\n<p>Adem\u00e1s, el alcalde anunci\u00f3 que durante este mes tambi\u00e9n habr\u00e1 de inaugurarse el tradicional Nacimiento en el quiosco de la Plaza Principal y que, gracias al apoyo del Gobernador Esteban Villegas, llegar\u00e1 el Festival \u201cComo La Laguna Ninguna\u201d con presentaciones musicales y otras sorpresas.<\/p>\n\n\n\n<p>\u201cQueremos que la ciudadan\u00eda disfrute de estas festividades en familia y en un ambiente de paz y alegr\u00eda\u201d, destac\u00f3 el Presidente Municipal.<\/p>\n","protected":false},"excerpt":{"rendered":"<p>05 de diciembre de 2024.- El Presidente Municipal, Homero Mart\u00ednez Cabrera, inform\u00f3 que este pr\u00f3ximo s\u00e1bado 7 de diciembre se llevar\u00e1 a cabo\u00a0el tradicional encendido navide\u00f1o en Ciudad Lerdo. El alcalde mencion\u00f3 que el evento inicialmente estaba programado para el viernes, pero se reprogram\u00f3 debido a compromisos en la capital del estado, incluyendo una reuni\u00f3n&#8230;<\/p>\n","protected":false},"author":1,"featured_media":0,"comment_status":"open","ping_status":"open","sticky":false,"template":"","format":"standard","meta":{"footnotes":""},"categories":[3],"tags":[],"class_list":["post-3402","post","type-post","status-publish","format-standard","hentry","category-lerdo"],"_links":{"self":[{"href":"https:\/\/lagumex.mx\/index\/wp-json\/wp\/v2\/posts\/3402","targetHints":{"allow":["GET"]}}],"collection":[{"href":"https:\/\/lagumex.mx\/index\/wp-json\/wp\/v2\/posts"}],"about":[{"href":"https:\/\/lagumex.mx\/index\/wp-json\/wp\/v2\/types\/post"}],"author":[{"embeddable":true,"href":"https:\/\/lagumex.mx\/index\/wp-json\/wp\/v2\/users\/1"}],"replies":[{"embeddable":true,"href":"https:\/\/lagumex.mx\/index\/wp-json\/wp\/v2\/comments?post=3402"}],"version-history":[{"count":1,"href":"https:\/\/lagumex.mx\/index\/wp-json\/wp\/v2\/posts\/3402\/revisions"}],"predecessor-version":[{"id":3403,"href":"https:\/\/lagumex.mx\/index\/wp-json\/wp\/v2\/posts\/3402\/revisions\/3403"}],"wp:attachment":[{"href":"https:\/\/lagumex.mx\/index\/wp-json\/wp\/v2\/media?parent=3402"}],"wp:term":[{"taxonomy":"category","embeddable":true,"href":"https:\/\/lagumex.mx\/index\/wp-json\/wp\/v2\/categories?post=3402"},{"taxonomy":"post_tag","embeddable":true,"href":"https:\/\/lagumex.mx\/index\/wp-json\/wp\/v2\/tags?post=3402"}],"curies":[{"name":"wp","href":"https:\/\/api.w.org\/{rel}","templated":true}]}}