{"id":340,"date":"2023-06-19T19:47:28","date_gmt":"2023-06-19T19:47:28","guid":{"rendered":"http:\/\/lagumex.mx\/index\/?p=340"},"modified":"2023-06-19T19:47:28","modified_gmt":"2023-06-19T19:47:28","slug":"honor-a-quien-honor-merece-paul-is-life","status":"publish","type":"post","link":"https:\/\/lagumex.mx\/index\/espectaculos\/honor-a-quien-honor-merece-paul-is-life\/","title":{"rendered":"Honor a quien honor merece: Paul is life"},"content":{"rendered":"\n<h2 class=\"wp-block-heading\">La cita es ma\u00f1ana s\u00e1bado en punto de las 17:00 horas en la Biblioteca Jos\u00e9 Mar\u00eda Letona, en la Alameda Zaragoza<\/h2>\n\n\n\n<p>Con la nostalgia de la buena m\u00fasica y para honrar la vida de uno de los m\u00e1ximos exponentes del rock de anta\u00f1o, este s\u00e1bado a las 17:00 horas en la Biblioteca P\u00fablica Jos\u00e9 Mar\u00eda Letona, en la Alameda Zaragoza, se realizar\u00e1 la mesa de an\u00e1lisis denominada \u201cPaul is life\u201d en honor a Paul McCartney.<\/p>\n\n\n\n<p>Jos\u00e9 Legasti Jim\u00e9nez, coordinador del evento, comparti\u00f3 en exclusiva para esta casa editora que la mesa estar\u00e1 integrada por Alicia Serna Lafuente, Jos\u00e9 Carlos Salda\u00f1a Serna, Gustavo D\u00edaz de Le\u00f3n, Jos\u00e9 Legaspi Jim\u00e9nez y en la parte musical estar\u00e1 The Wood Set.<\/p>\n","protected":false},"excerpt":{"rendered":"<p>La cita es ma\u00f1ana s\u00e1bado en punto de las 17:00 horas en la Biblioteca Jos\u00e9 Mar\u00eda Letona, en la Alameda Zaragoza Con la nostalgia de la buena m\u00fasica y para honrar la vida de uno de los m\u00e1ximos exponentes del rock de anta\u00f1o, este s\u00e1bado a las 17:00 horas en la Biblioteca P\u00fablica Jos\u00e9 Mar\u00eda&#8230;<\/p>\n","protected":false},"author":1,"featured_media":341,"comment_status":"open","ping_status":"open","sticky":false,"template":"","format":"standard","meta":{"footnotes":""},"categories":[5],"tags":[],"class_list":["post-340","post","type-post","status-publish","format-standard","has-post-thumbnail","hentry","category-espectaculos"],"_links":{"self":[{"href":"https:\/\/lagumex.mx\/index\/wp-json\/wp\/v2\/posts\/340","targetHints":{"allow":["GET"]}}],"collection":[{"href":"https:\/\/lagumex.mx\/index\/wp-json\/wp\/v2\/posts"}],"about":[{"href":"https:\/\/lagumex.mx\/index\/wp-json\/wp\/v2\/types\/post"}],"author":[{"embeddable":true,"href":"https:\/\/lagumex.mx\/index\/wp-json\/wp\/v2\/users\/1"}],"replies":[{"embeddable":true,"href":"https:\/\/lagumex.mx\/index\/wp-json\/wp\/v2\/comments?post=340"}],"version-history":[{"count":1,"href":"https:\/\/lagumex.mx\/index\/wp-json\/wp\/v2\/posts\/340\/revisions"}],"predecessor-version":[{"id":342,"href":"https:\/\/lagumex.mx\/index\/wp-json\/wp\/v2\/posts\/340\/revisions\/342"}],"wp:featuredmedia":[{"embeddable":true,"href":"https:\/\/lagumex.mx\/index\/wp-json\/wp\/v2\/media\/341"}],"wp:attachment":[{"href":"https:\/\/lagumex.mx\/index\/wp-json\/wp\/v2\/media?parent=340"}],"wp:term":[{"taxonomy":"category","embeddable":true,"href":"https:\/\/lagumex.mx\/index\/wp-json\/wp\/v2\/categories?post=340"},{"taxonomy":"post_tag","embeddable":true,"href":"https:\/\/lagumex.mx\/index\/wp-json\/wp\/v2\/tags?post=340"}],"curies":[{"name":"wp","href":"https:\/\/api.w.org\/{rel}","templated":true}]}}