{"id":3384,"date":"2024-12-08T13:59:58","date_gmt":"2024-12-08T13:59:58","guid":{"rendered":"http:\/\/lagumex.mx\/index\/?p=3384"},"modified":"2024-12-11T14:03:47","modified_gmt":"2024-12-11T14:03:47","slug":"la-navidad-brilla-en-durango-esteban-y-tono-encienden-el-alumbrado-y-anuncian-grandes-sorpresas","status":"publish","type":"post","link":"https:\/\/lagumex.mx\/index\/durango\/la-navidad-brilla-en-durango-esteban-y-tono-encienden-el-alumbrado-y-anuncian-grandes-sorpresas\/","title":{"rendered":"La Navidad brilla en Durango: Esteban y To\u00f1o encienden el alumbrado y anuncian grandes sorpresas"},"content":{"rendered":"\n<p>08 de diciembre de 2024.- Del 13 de diciembre al 6 de enero, se celebrar\u00e1n actividades como el desfile \u00abLa f\u00e1brica de<br>sue\u00f1os\u00bb, la inauguraci\u00f3n del Nacimiento Monumental y la Feria Navide\u00f1a con entrada,<br>transporte y estacionamiento gratuitos, as\u00ed como Posadas diarias y la ya tradicional pista<br>de hielo.<br>El encendido del alumbrado navide\u00f1o en la Plaza de Armas dio inicio a las celebraciones navide\u00f1as<br>en Durango, con la presencia del Gobernador Esteban Villegas Villarreal, la presidenta del DIF<br>Estatal, Marisol Rosso Rivera, y el Presidente Municipal, To\u00f1o Ochoa. Este a\u00f1o, la ciudad se viste<br>de luces con m\u00e1s de 800 figuras iluminadas de diversos tama\u00f1os, que representan la alegr\u00eda, la<br>uni\u00f3n y el esp\u00edritu festivo de los duranguenses.<br>Durante su intervenci\u00f3n, el Gobernador Esteban Villegas destac\u00f3 el esfuerzo realizado para que la<br>decoraci\u00f3n navide\u00f1a de este a\u00f1o fuera a\u00fan m\u00e1s impresionante. \u00abDesearles Feliz Navidad a todos,<br>que Dios les d\u00e9 salud, amor y felicidad en sus hogares. Vamos a encender, junto con el presidente<br>municipal To\u00f1o Ochoa, nuestro alumbrado navide\u00f1o, que cada a\u00f1o tiene que ser m\u00e1s bonito. Van<br>a poder subir muchas fotos. Va a estar incre\u00edble. Ojal\u00e1 que esta magia de Navidad llegue a los<br>corazones de toda nuestra gente. Dios los bendiga a todos\u00bb, expres\u00f3 Villegas con emoci\u00f3n.<br>El alcalde capitalino, To\u00f1o Ochoa, por su parte, destac\u00f3 la colaboraci\u00f3n entre los gobiernos estatal<br>y municipal para hacer realidad este evento y agradeci\u00f3 a los trabajadores que lo hicieron posible.<br>\u00abEste es un d\u00eda muy especial porque, con trabajo, se logran resultados. Agradezco al gobernador<br>Esteban Villegas, a la se\u00f1ora Marisol Rosso, como siempre, por su cari\u00f1o. Esto se ha hecho con<br>mucho amor por todos los trabajadores de servicios p\u00fablicos. Estamos muy contentos<br>dese\u00e1ndoles una Feliz Navidad y un pr\u00f3spero A\u00f1o Nuevo. \u00a1Viva Durango!\u00bb coment\u00f3 Ochoa.<br>Tras el tradicional conteo regresivo, las luces iluminaron la Plaza de Armas, la avenida 20 de<br>Noviembre, el Corredor Constituci\u00f3n, el Paseo Las Alamedas, la calle Hidalgo y los bulevares de la<br>ciudad, creando un ambiente festivo que se extender\u00e1 por todo Durango durante esta temporada.<br>Las Alamedas se iluminan este a\u00f1o gracias al esfuerzo del personal de la Secretar\u00eda de Obras<br>P\u00fablicas del Estado (SECOPE), que ha creado un ambiente m\u00e1gico para los duranguenses, los<br>visitantes podr\u00e1n disfrutar de espect\u00e1culos en casas interactivas de 8 a 10 de la noche, estas casas<br>cuentan con dos estaciones: una con burbujas que simulan la nieve y otra con burbujas que al<br>tocarlas se convierten en humo para simular la neblina y evocar el fr\u00edo invierno.<br>La magia de la Navidad continuar\u00e1 con una serie de eventos especiales para toda la familia. El 13<br>de diciembre se celebrar\u00e1 el desfile \u00abLa f\u00e1brica de sue\u00f1os, en el norte m\u00e1s mexicano\u00bb, seguido de<br>la inauguraci\u00f3n del Nacimiento Monumental en las instalaciones de la Feria Nacional Francisco<br>Villista.<\/p>\n\n\n\n<p>Adem\u00e1s, del 15 de diciembre al 6 de enero, se llevar\u00e1 a cabo la Feria Navide\u00f1a, donde los<br>asistentes podr\u00e1n disfrutar de entrada, transporte y estacionamiento gratuitos. Habr\u00e1 posadas<br>diarias con aguinaldos gratis, una pista de hielo gratuita y numerosos espect\u00e1culos, haciendo de<br>esta una oportunidad \u00fanica para disfrutar de la Navidad en familia.<br>Con estos eventos, Durango se llena de esp\u00edritu navide\u00f1o, al ofrecer a locales y visitantes una<br>experiencia \u00fanica llena de luz, magia y diversi\u00f3n. La colaboraci\u00f3n entre los gobiernos estatal y<br>municipal asegura que esta temporada sea inolvidable, brindando espacios para disfrutar en<br>familia y creando recuerdos que perdurar\u00e1n por siempre.<\/p>\n","protected":false},"excerpt":{"rendered":"<p>08 de diciembre de 2024.- Del 13 de diciembre al 6 de enero, se celebrar\u00e1n actividades como el desfile \u00abLa f\u00e1brica desue\u00f1os\u00bb, la inauguraci\u00f3n del Nacimiento Monumental y la Feria Navide\u00f1a con entrada,transporte y estacionamiento gratuitos, as\u00ed como Posadas diarias y la ya tradicional pistade hielo.El encendido del alumbrado navide\u00f1o en la Plaza de Armas&#8230;<\/p>\n","protected":false},"author":1,"featured_media":3385,"comment_status":"open","ping_status":"open","sticky":false,"template":"","format":"standard","meta":{"footnotes":""},"categories":[1],"tags":[],"class_list":["post-3384","post","type-post","status-publish","format-standard","has-post-thumbnail","hentry","category-durango"],"_links":{"self":[{"href":"https:\/\/lagumex.mx\/index\/wp-json\/wp\/v2\/posts\/3384","targetHints":{"allow":["GET"]}}],"collection":[{"href":"https:\/\/lagumex.mx\/index\/wp-json\/wp\/v2\/posts"}],"about":[{"href":"https:\/\/lagumex.mx\/index\/wp-json\/wp\/v2\/types\/post"}],"author":[{"embeddable":true,"href":"https:\/\/lagumex.mx\/index\/wp-json\/wp\/v2\/users\/1"}],"replies":[{"embeddable":true,"href":"https:\/\/lagumex.mx\/index\/wp-json\/wp\/v2\/comments?post=3384"}],"version-history":[{"count":1,"href":"https:\/\/lagumex.mx\/index\/wp-json\/wp\/v2\/posts\/3384\/revisions"}],"predecessor-version":[{"id":3386,"href":"https:\/\/lagumex.mx\/index\/wp-json\/wp\/v2\/posts\/3384\/revisions\/3386"}],"wp:featuredmedia":[{"embeddable":true,"href":"https:\/\/lagumex.mx\/index\/wp-json\/wp\/v2\/media\/3385"}],"wp:attachment":[{"href":"https:\/\/lagumex.mx\/index\/wp-json\/wp\/v2\/media?parent=3384"}],"wp:term":[{"taxonomy":"category","embeddable":true,"href":"https:\/\/lagumex.mx\/index\/wp-json\/wp\/v2\/categories?post=3384"},{"taxonomy":"post_tag","embeddable":true,"href":"https:\/\/lagumex.mx\/index\/wp-json\/wp\/v2\/tags?post=3384"}],"curies":[{"name":"wp","href":"https:\/\/api.w.org\/{rel}","templated":true}]}}