{"id":3359,"date":"2024-12-03T04:50:00","date_gmt":"2024-12-03T04:50:00","guid":{"rendered":"http:\/\/lagumex.mx\/index\/?p=3359"},"modified":"2024-12-03T16:51:57","modified_gmt":"2024-12-03T16:51:57","slug":"comparece-ante-ediles-el-director-del-instituto-municipal-del-emprendimiento","status":"publish","type":"post","link":"https:\/\/lagumex.mx\/index\/uncategorized\/torreon\/comparece-ante-ediles-el-director-del-instituto-municipal-del-emprendimiento\/","title":{"rendered":"Comparece ante ediles el director del Instituto Municipal del Emprendimiento"},"content":{"rendered":"\n<p>03 de diciembre de 2024.- Los resultados del trabajo que ha realizado el Instituto Municipal del Emprendimiento de Torre\u00f3n (IMET) desde que Eduardo Carmona Gonz\u00e1lez asumi\u00f3 su direcci\u00f3n en mayo del a\u00f1o pasado, fueron revisados por integrantes del Cabildo a partir de un informe que rindi\u00f3 el propio funcionario.<\/p>\n\n\n\n<p>En su comparecencia ante los ediles, el director destac\u00f3 que durante el mes de junio de 2023, se realiz\u00f3 la planeaci\u00f3n para la creaci\u00f3n de la p\u00e1gina web de la dependencia, que actualmente es una plataforma de gran utilidad para los emprendedores. <\/p>\n\n\n\n<p>Adem\u00e1s, durante el presente a\u00f1o, el Instituto Municipal del Emprendimiento realiz\u00f3 diversos talleres, capacitaciones y una serie de podcast, con el objetivo de apoyar a los nuevos micro empresarios laguneros.<\/p>\n\n\n\n<p>Carmona Gonz\u00e1lez indic\u00f3 que tuvieron m\u00e1s de 400 asistentes en los eventos creados por el Instituto. Adem\u00e1s de haber realizado m\u00e1s de 28 cursos y talleres para los emprendedores<\/p>\n","protected":false},"excerpt":{"rendered":"<p>03 de diciembre de 2024.- Los resultados del trabajo que ha realizado el Instituto Municipal del Emprendimiento de Torre\u00f3n (IMET) desde que Eduardo Carmona Gonz\u00e1lez asumi\u00f3 su direcci\u00f3n en mayo del a\u00f1o pasado, fueron revisados por integrantes del Cabildo a partir de un informe que rindi\u00f3 el propio funcionario. En su comparecencia ante los ediles,&#8230;<\/p>\n","protected":false},"author":1,"featured_media":3360,"comment_status":"open","ping_status":"open","sticky":false,"template":"","format":"standard","meta":{"footnotes":""},"categories":[10],"tags":[],"class_list":["post-3359","post","type-post","status-publish","format-standard","has-post-thumbnail","hentry","category-torreon"],"_links":{"self":[{"href":"https:\/\/lagumex.mx\/index\/wp-json\/wp\/v2\/posts\/3359","targetHints":{"allow":["GET"]}}],"collection":[{"href":"https:\/\/lagumex.mx\/index\/wp-json\/wp\/v2\/posts"}],"about":[{"href":"https:\/\/lagumex.mx\/index\/wp-json\/wp\/v2\/types\/post"}],"author":[{"embeddable":true,"href":"https:\/\/lagumex.mx\/index\/wp-json\/wp\/v2\/users\/1"}],"replies":[{"embeddable":true,"href":"https:\/\/lagumex.mx\/index\/wp-json\/wp\/v2\/comments?post=3359"}],"version-history":[{"count":1,"href":"https:\/\/lagumex.mx\/index\/wp-json\/wp\/v2\/posts\/3359\/revisions"}],"predecessor-version":[{"id":3361,"href":"https:\/\/lagumex.mx\/index\/wp-json\/wp\/v2\/posts\/3359\/revisions\/3361"}],"wp:featuredmedia":[{"embeddable":true,"href":"https:\/\/lagumex.mx\/index\/wp-json\/wp\/v2\/media\/3360"}],"wp:attachment":[{"href":"https:\/\/lagumex.mx\/index\/wp-json\/wp\/v2\/media?parent=3359"}],"wp:term":[{"taxonomy":"category","embeddable":true,"href":"https:\/\/lagumex.mx\/index\/wp-json\/wp\/v2\/categories?post=3359"},{"taxonomy":"post_tag","embeddable":true,"href":"https:\/\/lagumex.mx\/index\/wp-json\/wp\/v2\/tags?post=3359"}],"curies":[{"name":"wp","href":"https:\/\/api.w.org\/{rel}","templated":true}]}}