{"id":3296,"date":"2024-11-13T23:52:18","date_gmt":"2024-11-13T23:52:18","guid":{"rendered":"http:\/\/lagumex.mx\/index\/?p=3296"},"modified":"2024-11-20T23:53:06","modified_gmt":"2024-11-20T23:53:06","slug":"proponen-licencias-laborales-para-padres-de-menores-con-enfermedad","status":"publish","type":"post","link":"https:\/\/lagumex.mx\/index\/uncategorized\/congreso-de-durango\/proponen-licencias-laborales-para-padres-de-menores-con-enfermedad\/","title":{"rendered":"Proponen licencias laborales para padres de menores con enfermedad"},"content":{"rendered":"\n<p>13 de noviembre de 2024.- Diputada Ver\u00f3nica Gonz\u00e1lez impulsa reformar la Ley de los Trabajadores al Servicio de los Tres Poderes<\/p>\n\n\n\n<p>Con la finalidad de otorgar licencias laborales a trabajadores sindicalizados que necesiten cuidar a sus hijos menores de edad en casos de enfermedades graves distintas al c\u00e1ncer, la diputada Ver\u00f3nica Gonz\u00e1lez Holgu\u00edn propuso reformar la Ley de los Trabajadores al Servicio de los Tres Poderes del Estado.<\/p>\n\n\n\n<p>\u201cEsta iniciativa busca asegurar que los padres puedan acompa\u00f1ar a sus hijos cuando requieran cuidados m\u00e9dicos importantes, siempre que est\u00e9 debidamente justificado\u201d, resalt\u00f3 al realizar la ampliaci\u00f3n de motivos.<\/p>\n\n\n\n<p>A nombre del Grupo Parlamentario del PAN, enfatiz\u00f3 que la salud de los menores debe ser una prioridad y destac\u00f3 que cualquier forma de discriminaci\u00f3n en el acceso a servicios de salud es inaceptable y contraria a los principios constitucionales.<\/p>\n\n\n\n<p>\u201cLa igualdad y el acceso equitativo a estos servicios no solo es un tema de justicia social, sino una obligaci\u00f3n del Estado Mexicano para con sus ciudadanos m\u00e1s j\u00f3venes\u201d, subray\u00f3 durante la sesi\u00f3n ordinaria.<\/p>\n\n\n\n<p>Explic\u00f3 que actualmente, la ley contempla licencias para los padres de menores diagnosticados con c\u00e1ncer, pero esta iniciativa plantea extender el beneficio a quienes enfrentan otras enfermedades graves. As\u00ed, los padres podr\u00edan ausentarse de sus labores en momentos cr\u00edticos del tratamiento m\u00e9dico de sus hijos, seg\u00fan la prescripci\u00f3n de los profesionales de salud, incluyendo cuidados paliativos.<\/p>\n\n\n\n<p>Agreg\u00f3 que la propuesta legislativa tiene sustento en la tesis de jurisprudencia que establece que limitar la licencia m\u00e9dica exclusivamente a casos de c\u00e1ncer vulnera los derechos de igualdad y no discriminaci\u00f3n, as\u00ed como los derechos a la seguridad y previsi\u00f3n social.<\/p>\n\n\n\n<p>\u201cLa igualdad en el acceso a los servicios de salud para los menores en M\u00e9xico es un derecho fundamental, por ello, la iniciativa busca asegurar que todos los ni\u00f1os, independientemente de su condici\u00f3n, tengan acceso a cuidados m\u00e9dicos de calidad y que los padres puedan brindarles el apoyo necesario en esos momentos dif\u00edciles\u201d, finaliz\u00f3 la representante popular.<\/p>\n","protected":false},"excerpt":{"rendered":"<p>13 de noviembre de 2024.- Diputada Ver\u00f3nica Gonz\u00e1lez impulsa reformar la Ley de los Trabajadores al Servicio de los Tres Poderes Con la finalidad de otorgar licencias laborales a trabajadores sindicalizados que necesiten cuidar a sus hijos menores de edad en casos de enfermedades graves distintas al c\u00e1ncer, la diputada Ver\u00f3nica Gonz\u00e1lez Holgu\u00edn propuso reformar&#8230;<\/p>\n","protected":false},"author":1,"featured_media":3297,"comment_status":"open","ping_status":"open","sticky":false,"template":"","format":"standard","meta":{"footnotes":""},"categories":[13],"tags":[],"class_list":["post-3296","post","type-post","status-publish","format-standard","has-post-thumbnail","hentry","category-congreso-de-durango"],"_links":{"self":[{"href":"https:\/\/lagumex.mx\/index\/wp-json\/wp\/v2\/posts\/3296","targetHints":{"allow":["GET"]}}],"collection":[{"href":"https:\/\/lagumex.mx\/index\/wp-json\/wp\/v2\/posts"}],"about":[{"href":"https:\/\/lagumex.mx\/index\/wp-json\/wp\/v2\/types\/post"}],"author":[{"embeddable":true,"href":"https:\/\/lagumex.mx\/index\/wp-json\/wp\/v2\/users\/1"}],"replies":[{"embeddable":true,"href":"https:\/\/lagumex.mx\/index\/wp-json\/wp\/v2\/comments?post=3296"}],"version-history":[{"count":1,"href":"https:\/\/lagumex.mx\/index\/wp-json\/wp\/v2\/posts\/3296\/revisions"}],"predecessor-version":[{"id":3298,"href":"https:\/\/lagumex.mx\/index\/wp-json\/wp\/v2\/posts\/3296\/revisions\/3298"}],"wp:featuredmedia":[{"embeddable":true,"href":"https:\/\/lagumex.mx\/index\/wp-json\/wp\/v2\/media\/3297"}],"wp:attachment":[{"href":"https:\/\/lagumex.mx\/index\/wp-json\/wp\/v2\/media?parent=3296"}],"wp:term":[{"taxonomy":"category","embeddable":true,"href":"https:\/\/lagumex.mx\/index\/wp-json\/wp\/v2\/categories?post=3296"},{"taxonomy":"post_tag","embeddable":true,"href":"https:\/\/lagumex.mx\/index\/wp-json\/wp\/v2\/tags?post=3296"}],"curies":[{"name":"wp","href":"https:\/\/api.w.org\/{rel}","templated":true}]}}