{"id":3287,"date":"2024-11-19T23:46:26","date_gmt":"2024-11-19T23:46:26","guid":{"rendered":"http:\/\/lagumex.mx\/index\/?p=3287"},"modified":"2024-11-20T23:47:19","modified_gmt":"2024-11-20T23:47:19","slug":"propone-otniel-garcia-crear-sistema-de-cuidados-en-durango","status":"publish","type":"post","link":"https:\/\/lagumex.mx\/index\/uncategorized\/congreso-de-durango\/propone-otniel-garcia-crear-sistema-de-cuidados-en-durango\/","title":{"rendered":"Propone Otniel Garc\u00eda crear sistema de cuidados en Durango"},"content":{"rendered":"\n<p>19 de noviembre de 2024.- Con la finalidad de establecer un Sistema de Cuidados que garantice el derecho a recibir y brindar cuidados en condiciones dignas, igualitarias y respetuosas, el diputado Otniel Garc\u00eda Navarro, present\u00f3 la iniciativa de reformas a la Constituci\u00f3n Pol\u00edtica del Estado.<\/p>\n\n\n\n<p>\u201cCon esta ley, reconocemos el derecho humano al cuidado y aseguramos un marco jur\u00eddico que dignifique tanto a quienes reciben cuidados como a quienes los brindan\u201d, afirm\u00f3 al realizar la ampliaci\u00f3n de motivos.<\/p>\n\n\n\n<p>Durante su intervenci\u00f3n, el legislador subray\u00f3 que este sistema no solo busca atender a una poblaci\u00f3n vulnerable, sino transformar un problema social en una oportunidad para avanzar hacia una pol\u00edtica de corresponsabilidad entre el Estado, las familias, las comunidades y el sector privado.<\/p>\n\n\n\n<p>El legislador destac\u00f3 que el cuidado en condiciones dignas es un derecho humano reconocido por la Constituci\u00f3n y por tratados internacionales suscritos por M\u00e9xico.<\/p>\n\n\n\n<p>En este sentido, resalt\u00f3 que la propuesta legislativa reafirma el compromiso de construir un sistema solidario e inclusivo que ofrezca respaldo a las personas cuidadoras y garantice el bienestar de quienes dependen de estos servicios.<\/p>\n\n\n\n<p>\u201cEsta propuesta es una oportunidad para hacer justicia y reconocer formalmente que los cuidados son un derecho que la sociedad debe proteger. Es un paso hacia una sociedad m\u00e1s solidaria e inclusiva\u201d, asegur\u00f3 el diputado.<\/p>\n\n\n\n<p>Garc\u00eda Navarro tambi\u00e9n enfatiz\u00f3 el impacto colectivo del cuidado, se\u00f1alando que su valor trasciende lo individual para fortalecer el tejido social. A\u00f1adi\u00f3 que la iniciativa responde a un compromiso con los principios de justicia y equidad que han caracterizado a la Cuarta Transformaci\u00f3n.<\/p>\n\n\n\n<p>Finalmente, coment\u00f3 que el Sistema de Cuidados busca atender las necesidades de personas que requieren apoyo en su vida cotidiana, como ni\u00f1os, adultos mayores, personas con discapacidad y quienes enfrentan condiciones de vulnerabilidad, al tiempo que reconoce y apoya a las personas que han asumido estas responsabilidades sin un respaldo adecuado.<\/p>\n","protected":false},"excerpt":{"rendered":"<p>19 de noviembre de 2024.- Con la finalidad de establecer un Sistema de Cuidados que garantice el derecho a recibir y brindar cuidados en condiciones dignas, igualitarias y respetuosas, el diputado Otniel Garc\u00eda Navarro, present\u00f3 la iniciativa de reformas a la Constituci\u00f3n Pol\u00edtica del Estado. \u201cCon esta ley, reconocemos el derecho humano al cuidado y&#8230;<\/p>\n","protected":false},"author":1,"featured_media":3288,"comment_status":"open","ping_status":"open","sticky":false,"template":"","format":"standard","meta":{"footnotes":""},"categories":[13],"tags":[],"class_list":["post-3287","post","type-post","status-publish","format-standard","has-post-thumbnail","hentry","category-congreso-de-durango"],"_links":{"self":[{"href":"https:\/\/lagumex.mx\/index\/wp-json\/wp\/v2\/posts\/3287","targetHints":{"allow":["GET"]}}],"collection":[{"href":"https:\/\/lagumex.mx\/index\/wp-json\/wp\/v2\/posts"}],"about":[{"href":"https:\/\/lagumex.mx\/index\/wp-json\/wp\/v2\/types\/post"}],"author":[{"embeddable":true,"href":"https:\/\/lagumex.mx\/index\/wp-json\/wp\/v2\/users\/1"}],"replies":[{"embeddable":true,"href":"https:\/\/lagumex.mx\/index\/wp-json\/wp\/v2\/comments?post=3287"}],"version-history":[{"count":1,"href":"https:\/\/lagumex.mx\/index\/wp-json\/wp\/v2\/posts\/3287\/revisions"}],"predecessor-version":[{"id":3289,"href":"https:\/\/lagumex.mx\/index\/wp-json\/wp\/v2\/posts\/3287\/revisions\/3289"}],"wp:featuredmedia":[{"embeddable":true,"href":"https:\/\/lagumex.mx\/index\/wp-json\/wp\/v2\/media\/3288"}],"wp:attachment":[{"href":"https:\/\/lagumex.mx\/index\/wp-json\/wp\/v2\/media?parent=3287"}],"wp:term":[{"taxonomy":"category","embeddable":true,"href":"https:\/\/lagumex.mx\/index\/wp-json\/wp\/v2\/categories?post=3287"},{"taxonomy":"post_tag","embeddable":true,"href":"https:\/\/lagumex.mx\/index\/wp-json\/wp\/v2\/tags?post=3287"}],"curies":[{"name":"wp","href":"https:\/\/api.w.org\/{rel}","templated":true}]}}