{"id":3260,"date":"2024-11-16T15:07:36","date_gmt":"2024-11-16T15:07:36","guid":{"rendered":"http:\/\/lagumex.mx\/index\/?p=3260"},"modified":"2024-11-20T15:08:58","modified_gmt":"2024-11-20T15:08:58","slug":"con-esteban-alumnos-de-la-secundaria-francisco-villa-ya-tienen-domo-y-cancha-de-usos-multiples","status":"publish","type":"post","link":"https:\/\/lagumex.mx\/index\/durango\/con-esteban-alumnos-de-la-secundaria-francisco-villa-ya-tienen-domo-y-cancha-de-usos-multiples\/","title":{"rendered":"Con Esteban, alumnos de la secundaria \u201cFrancisco Villa\u201d ya tienen domo y cancha de usos m\u00faltiples"},"content":{"rendered":"\n<p>16 de noviembre de 2024.-\u201cAqu\u00ed est\u00e1 el sue\u00f1o de todos ustedes ya realizado\u201d: Emmanuel del Palacio, titular del INIFFED.<\/p>\n\n\n\n<p>Es importante que los j\u00f3venes realicen ejercicio, queremos que dejen la televisi\u00f3n y se pongan a hacer alg\u00fan deporte, expres\u00f3 el gobernador Esteban Villegas Villarreal, al entregar un domo y una cancha de usos m\u00faltiples a los estudiantes de la secundaria \u201cFrancisco Villa\u201d en el Huizache II.<\/p>\n\n\n\n<p>De los 500 millones de pesos que le estamos metiendo al rubro educativo en todo el estado, a esta secundaria le invertimos m\u00e1s de 2 millones de pesos, con la construcci\u00f3n del domo, la cancha y rehabilitaci\u00f3n de los tableros, apunt\u00f3 el Mandatario Estatal, al indicar que estas mejoras se realizan en escuelas de los 39 municipios de Durango.<\/p>\n\n\n\n<p>En esta cancha de usos m\u00faltiples, podr\u00e1n jugar b\u00e1squetbol, f\u00fatbol, entre otros deportes; y con el domo realizar\u00e1n sus eventos art\u00edsticos, reuniones y hasta las graduaciones, apunt\u00f3 el Gobernador al convivir con j\u00f3venes, maestros y padres de familia de esta secundaria, d\u00f3nde encest\u00f3 una canasta como primer tiro en la cancha de basquetbol.<\/p>\n\n\n\n<p>El alcalde capitalino, To\u00f1o Ochoa Rodr\u00edguez, resalt\u00f3 que con el trabajo en conjunto del Gobierno Estatal y Municipal, da resultados gracias a la confianza de la familia duranguense, no solamente con trabajos de infraestructura educativa, sino tambi\u00e9n en pavimentaci\u00f3n y obras como el nuevo Hospital del Ni\u00f1o, parques, entre otras; \u201cel principal amigo y aliado de esta ciudad capital, es el Gobernador, que no nos ha dejado solos en tiempos dif\u00edciles, siempre est\u00e1 dando esa mano solidaria que tanto necesitamos\u201d, agreg\u00f3.<\/p>\n\n\n\n<p>\u201cHoy celebramos este apoyo que viene a fortalecer las actividades para el desarrollo integral de cada uno de los alumnos, muchas gracias&nbsp; Gobernador\u201d, mencion\u00f3 la directora de esta&nbsp; secundaria, Luc\u00eda Guadalupe Pedro Cort\u00e9s, al compartir que est\u00e1 muy orgullosa del avance que tiene la instituci\u00f3n, tanto en infraestructura como en lo acad\u00e9mico.<\/p>\n\n\n\n<p>El titular del Instituto para la Infraestructura F\u00edsica Educativa del Estado (INIFEED), Emmanuel del Palacio Sicsik, mencion\u00f3 que en un inicio, s\u00f3lo se contempl\u00f3 la construcci\u00f3n de un domo, pero al encontrarse con una cancha muy deteriorada, el Gobernador instruy\u00f3 para su total rehabilitaci\u00f3n, \u201caqu\u00ed se invirtieron m\u00e1s de 2 millones de pesos y se hizo de manera muy r\u00e1pida; agradecerles porque causamos molestias en este per\u00edodo, pero aqu\u00ed est\u00e1 el sue\u00f1o de todos ustedes ya realizado\u201d, resalt\u00f3.<\/p>\n\n\n\n<p>Es as\u00ed como el Gobierno del Estado, trabaja para que las instituciones educativas, se encuentren en buenas condiciones para que los alumnos tengan la oportunidad de realizar sus actividades deportivas, culturales y art\u00edsticas.<\/p>\n","protected":false},"excerpt":{"rendered":"<p>16 de noviembre de 2024.-\u201cAqu\u00ed est\u00e1 el sue\u00f1o de todos ustedes ya realizado\u201d: Emmanuel del Palacio, titular del INIFFED. Es importante que los j\u00f3venes realicen ejercicio, queremos que dejen la televisi\u00f3n y se pongan a hacer alg\u00fan deporte, expres\u00f3 el gobernador Esteban Villegas Villarreal, al entregar un domo y una cancha de usos m\u00faltiples a&#8230;<\/p>\n","protected":false},"author":1,"featured_media":3261,"comment_status":"open","ping_status":"open","sticky":false,"template":"","format":"standard","meta":{"footnotes":""},"categories":[1],"tags":[],"class_list":["post-3260","post","type-post","status-publish","format-standard","has-post-thumbnail","hentry","category-durango"],"_links":{"self":[{"href":"https:\/\/lagumex.mx\/index\/wp-json\/wp\/v2\/posts\/3260","targetHints":{"allow":["GET"]}}],"collection":[{"href":"https:\/\/lagumex.mx\/index\/wp-json\/wp\/v2\/posts"}],"about":[{"href":"https:\/\/lagumex.mx\/index\/wp-json\/wp\/v2\/types\/post"}],"author":[{"embeddable":true,"href":"https:\/\/lagumex.mx\/index\/wp-json\/wp\/v2\/users\/1"}],"replies":[{"embeddable":true,"href":"https:\/\/lagumex.mx\/index\/wp-json\/wp\/v2\/comments?post=3260"}],"version-history":[{"count":1,"href":"https:\/\/lagumex.mx\/index\/wp-json\/wp\/v2\/posts\/3260\/revisions"}],"predecessor-version":[{"id":3262,"href":"https:\/\/lagumex.mx\/index\/wp-json\/wp\/v2\/posts\/3260\/revisions\/3262"}],"wp:featuredmedia":[{"embeddable":true,"href":"https:\/\/lagumex.mx\/index\/wp-json\/wp\/v2\/media\/3261"}],"wp:attachment":[{"href":"https:\/\/lagumex.mx\/index\/wp-json\/wp\/v2\/media?parent=3260"}],"wp:term":[{"taxonomy":"category","embeddable":true,"href":"https:\/\/lagumex.mx\/index\/wp-json\/wp\/v2\/categories?post=3260"},{"taxonomy":"post_tag","embeddable":true,"href":"https:\/\/lagumex.mx\/index\/wp-json\/wp\/v2\/tags?post=3260"}],"curies":[{"name":"wp","href":"https:\/\/api.w.org\/{rel}","templated":true}]}}