{"id":3251,"date":"2024-11-02T00:18:43","date_gmt":"2024-11-02T00:18:43","guid":{"rendered":"http:\/\/lagumex.mx\/index\/?p=3251"},"modified":"2024-11-14T00:20:19","modified_gmt":"2024-11-14T00:20:19","slug":"abarrotan-paseo-sarabia-por-festival-del-dia-de-muertos","status":"publish","type":"post","link":"https:\/\/lagumex.mx\/index\/lerdo\/abarrotan-paseo-sarabia-por-festival-del-dia-de-muertos\/","title":{"rendered":"Abarrotan Paseo Sarabia por festival del D\u00eda de Muertos"},"content":{"rendered":"\n<p>02 de noviembre de 2024.- La noche del pasado viernes primero de noviembre, m\u00e1s de 8 mil personas estuvieron en el primer cuadro de la Ciudad, para ser parte de las actividades del festival \u00abEntre Flores y Catrinas\u00bb. En este segundo d\u00eda se inauguraron los Altares de Muertos, se reparti\u00f3 el pan de muerto de la Mega Catrina y se realiz\u00f3 una carrera atl\u00e9tica. Adem\u00e1s, miles de personas hicieron fila para apreciar la Mega Catrina de pan de muerto, realizada por los alumnos de la Universidad Vizcaya de las Am\u00e9ricas, de las carreras de Gastronom\u00eda, Dise\u00f1o y Educaci\u00f3n. A todos los presentes se les hizo entrega de chocolate caliente y pan de muerto para que disfrutaran de la noche.Pues a la par se desarroll\u00f3 el festival art\u00edstico con la participaci\u00f3n de la Banda Sinf\u00f3nica Infantil &#8211; Juvenil de Lerdo, la melodiosa interpretaci\u00f3n de Rosario Mart\u00ednez, cantante de m\u00fasica regional, y los grupos de danza folkl\u00f3rica \u00abYohualli\u00bb y \u00abLa Flor Lagunera\u00bb, quienes hicieron vibrar al p\u00fablico, aplaudir, cantar, y recordar con cari\u00f1o y devoci\u00f3n a los fieles difuntos.El Presidente Municipal Homero Mart\u00ednez Cabrera, estuvo acompa\u00f1ado por el director de Arte y Cultura, H\u00e9ctor Escamilla; la directora general de la Unidad Regional de Culturas Populares, Sindy Bueno; el titular de Museograf\u00eda, Baltazar Torres; el Tesoro Municipal Juan Moreno; y regidores, durante la inauguraci\u00f3n de Altares de Muertos alrededor del kiosco de la plaza principal.<\/p>\n","protected":false},"excerpt":{"rendered":"<p>02 de noviembre de 2024.- La noche del pasado viernes primero de noviembre, m\u00e1s de 8 mil personas estuvieron en el primer cuadro de la Ciudad, para ser parte de las actividades del festival \u00abEntre Flores y Catrinas\u00bb. En este segundo d\u00eda se inauguraron los Altares de Muertos, se reparti\u00f3 el pan de muerto de&#8230;<\/p>\n","protected":false},"author":1,"featured_media":3252,"comment_status":"open","ping_status":"open","sticky":false,"template":"","format":"standard","meta":{"footnotes":""},"categories":[3],"tags":[],"class_list":["post-3251","post","type-post","status-publish","format-standard","has-post-thumbnail","hentry","category-lerdo"],"_links":{"self":[{"href":"https:\/\/lagumex.mx\/index\/wp-json\/wp\/v2\/posts\/3251","targetHints":{"allow":["GET"]}}],"collection":[{"href":"https:\/\/lagumex.mx\/index\/wp-json\/wp\/v2\/posts"}],"about":[{"href":"https:\/\/lagumex.mx\/index\/wp-json\/wp\/v2\/types\/post"}],"author":[{"embeddable":true,"href":"https:\/\/lagumex.mx\/index\/wp-json\/wp\/v2\/users\/1"}],"replies":[{"embeddable":true,"href":"https:\/\/lagumex.mx\/index\/wp-json\/wp\/v2\/comments?post=3251"}],"version-history":[{"count":1,"href":"https:\/\/lagumex.mx\/index\/wp-json\/wp\/v2\/posts\/3251\/revisions"}],"predecessor-version":[{"id":3253,"href":"https:\/\/lagumex.mx\/index\/wp-json\/wp\/v2\/posts\/3251\/revisions\/3253"}],"wp:featuredmedia":[{"embeddable":true,"href":"https:\/\/lagumex.mx\/index\/wp-json\/wp\/v2\/media\/3252"}],"wp:attachment":[{"href":"https:\/\/lagumex.mx\/index\/wp-json\/wp\/v2\/media?parent=3251"}],"wp:term":[{"taxonomy":"category","embeddable":true,"href":"https:\/\/lagumex.mx\/index\/wp-json\/wp\/v2\/categories?post=3251"},{"taxonomy":"post_tag","embeddable":true,"href":"https:\/\/lagumex.mx\/index\/wp-json\/wp\/v2\/tags?post=3251"}],"curies":[{"name":"wp","href":"https:\/\/api.w.org\/{rel}","templated":true}]}}