{"id":325,"date":"2023-05-29T21:06:00","date_gmt":"2023-05-29T21:06:00","guid":{"rendered":"http:\/\/lagumex.mx\/index\/?p=325"},"modified":"2023-06-16T18:08:12","modified_gmt":"2023-06-16T18:08:12","slug":"el-ejercito-mexicano-es-nuestro-principal-aliado-gobernador-del-estado","status":"publish","type":"post","link":"https:\/\/lagumex.mx\/index\/uncategorized\/uac\/uac-uac\/coahuila-coahuila\/el-ejercito-mexicano-es-nuestro-principal-aliado-gobernador-del-estado\/","title":{"rendered":"El Ej\u00e9rcito Mexicano es nuestro principal aliado: Gobernador del Estado"},"content":{"rendered":"\n<h2 class=\"wp-block-heading\">Al encabezar la ceremonia c\u00edvica en la Escuela Primaria \u201cAgust\u00edn Melgar\u201d, el Gobernador del Estado agradeci\u00f3 al Ej\u00e9rcito Mexicano (a trav\u00e9s del General Eufemio Ibarra Flores, Comandante de la XI Regi\u00f3n Militar) por su coordinaci\u00f3n con el Estado para que hoy Coahuila est\u00e9 en paz.<\/h2>\n\n\n\n<p>De igual manera, reconoci\u00f3 a esta instituci\u00f3n educativa que tiene 40 a\u00f1os de brindar servicio a la comunidad.<\/p>\n\n\n\n<p>\u201cHoy nos acompa\u00f1a el General Eufemio Ibarra, quien nos ayuda a combatir la delincuencia y trabajar en coordinaci\u00f3n con todas las estrategias de mi Gobierno\u201d, mencion\u00f3.<\/p>\n\n\n\n<p>Se\u00f1al\u00f3 que las ni\u00f1as y ni\u00f1os de Coahuila deben saber que el Ej\u00e9rcito Mexicano es el principal aliado de la entidad.<\/p>\n\n\n\n<p>Se dijo gustoso de la participaci\u00f3n de los padres de familia y de la sociedad en general para que esta escuela goce de mejores condiciones, pues ha sido clave en el desarrollo de La Laguna y del estado.<\/p>\n\n\n\n<p>Expres\u00f3 que hace a\u00f1os la principal preocupaci\u00f3n de los reci\u00e9n egresados de universidades era a qu\u00e9 entidad se iban a ir a trabajar, y coment\u00f3 que eso qued\u00f3 atr\u00e1s, ya que hoy los j\u00f3venes pueden quedarse a trabajar en su tierra.<\/p>\n\n\n\n<p>Exhort\u00f3 a los asistentes a esta ceremonia a seguir trabajando en equipo, ya que ese trabajo asegura seguir por la ruta del progreso. Reconoci\u00f3 y felicit\u00f3 a las maestras y maestros por su empe\u00f1o, as\u00ed como a los padres de familia.<\/p>\n\n\n\n<p>El Alcalde de Torre\u00f3n, reconoci\u00f3 que desde hace un a\u00f1o y medio han encabezado diversos eventos en coordinaci\u00f3n con el Gobierno del Estado, y que le es grato que en este caso fuera una ceremonia c\u00edvica escolar.<\/p>\n\n\n\n<p>\u201cTodos los lunes hemos estado supervisando acciones, pero la educaci\u00f3n es fundamental, y me honra estar aqu\u00ed, en un evento c\u00edvico donde podemos entender que los valores son importantes para construir La Laguna que todos queremos. Apostarle a la educaci\u00f3n es apostarle a M\u00e9xico\u201d, se\u00f1al\u00f3.<\/p>\n\n\n\n<p>Por su parte, Jes\u00fas Enrique Olmos Aguilar, Director de la Escuela Primaria \u201cAgust\u00edn Melgar\u201d, dijo que no importa cu\u00e1nto cambie el mundo, ya que lo que nunca cambiar\u00e1 es la necesidad de una educaci\u00f3n eficiente y de calidad.<\/p>\n\n\n\n<p>Destac\u00f3 que un ni\u00f1o necesita paz, tranquilidad, acompa\u00f1amiento, autoestima, direcci\u00f3n y la seguridad de que sus necesidades han sido cubiertas por los padres de familia, los directivos, profesores y autoridades.<\/p>\n\n\n\n<p>En esta ceremonia estuvieron presentes, adem\u00e1s, Ver\u00f3nica Mart\u00ednez Garc\u00eda, senadora de la Rep\u00fablica; el Secretario de Salud del Estado; Antonio Guti\u00e9rrez Jard\u00f3n, diputado federal, y Omar Morales, regidor del Municipio de Torre\u00f3n.<\/p>\n","protected":false},"excerpt":{"rendered":"<p>Al encabezar la ceremonia c\u00edvica en la Escuela Primaria \u201cAgust\u00edn Melgar\u201d, el Gobernador del Estado agradeci\u00f3 al Ej\u00e9rcito Mexicano (a trav\u00e9s del General Eufemio Ibarra Flores, Comandante de la XI Regi\u00f3n Militar) por su coordinaci\u00f3n con el Estado para que hoy Coahuila est\u00e9 en paz. De igual manera, reconoci\u00f3 a esta instituci\u00f3n educativa que tiene&#8230;<\/p>\n","protected":false},"author":1,"featured_media":326,"comment_status":"open","ping_status":"open","sticky":false,"template":"","format":"standard","meta":{"footnotes":""},"categories":[2,6],"tags":[],"class_list":["post-325","post","type-post","status-publish","format-standard","has-post-thumbnail","hentry","category-coahuila-coahuila","category-uncategorized"],"_links":{"self":[{"href":"https:\/\/lagumex.mx\/index\/wp-json\/wp\/v2\/posts\/325","targetHints":{"allow":["GET"]}}],"collection":[{"href":"https:\/\/lagumex.mx\/index\/wp-json\/wp\/v2\/posts"}],"about":[{"href":"https:\/\/lagumex.mx\/index\/wp-json\/wp\/v2\/types\/post"}],"author":[{"embeddable":true,"href":"https:\/\/lagumex.mx\/index\/wp-json\/wp\/v2\/users\/1"}],"replies":[{"embeddable":true,"href":"https:\/\/lagumex.mx\/index\/wp-json\/wp\/v2\/comments?post=325"}],"version-history":[{"count":1,"href":"https:\/\/lagumex.mx\/index\/wp-json\/wp\/v2\/posts\/325\/revisions"}],"predecessor-version":[{"id":327,"href":"https:\/\/lagumex.mx\/index\/wp-json\/wp\/v2\/posts\/325\/revisions\/327"}],"wp:featuredmedia":[{"embeddable":true,"href":"https:\/\/lagumex.mx\/index\/wp-json\/wp\/v2\/media\/326"}],"wp:attachment":[{"href":"https:\/\/lagumex.mx\/index\/wp-json\/wp\/v2\/media?parent=325"}],"wp:term":[{"taxonomy":"category","embeddable":true,"href":"https:\/\/lagumex.mx\/index\/wp-json\/wp\/v2\/categories?post=325"},{"taxonomy":"post_tag","embeddable":true,"href":"https:\/\/lagumex.mx\/index\/wp-json\/wp\/v2\/tags?post=325"}],"curies":[{"name":"wp","href":"https:\/\/api.w.org\/{rel}","templated":true}]}}