{"id":3248,"date":"2024-11-06T00:17:38","date_gmt":"2024-11-06T00:17:38","guid":{"rendered":"http:\/\/lagumex.mx\/index\/?p=3248"},"modified":"2024-11-14T00:18:42","modified_gmt":"2024-11-14T00:18:42","slug":"realizan-foro-de-prevencion-del-feminicidio-en-lerdo","status":"publish","type":"post","link":"https:\/\/lagumex.mx\/index\/lerdo\/realizan-foro-de-prevencion-del-feminicidio-en-lerdo\/","title":{"rendered":"Realizan foro de \u00abPrevenci\u00f3n del Feminicidio\u00bb en Lerdo"},"content":{"rendered":"\n<p>06 de noviembre de 2024.- La directora del IMM, Mar\u00eda del Refugio Adame G\u00fcereca, comparti\u00f3 con los presentes que, seg\u00fan la ONU, diariamente 39 mujeres son asesinadas en Latinoamerica. \u201cel feminicidio (asesinato de mujeres por razones de g\u00e9nero) es una forma extrema de\u00a0<strong>violencia de g\u00e9nero y una violaci\u00f3n a los derechos humanos\u00a0<\/strong>que puede incluir violencia dom\u00e9stica, sexual, rechazo a relaciones sentimentales, control y dominio sobre la mujer\u201d En seguida, la subdirectora de Justicia Penal Restaurativa de la Vicefiscal\u00eda de la zona 1, Nayeli Alvarado Chavarr\u00eda, representante del Vicefiscal Regi\u00f3n Laguna Francisco \u00c1ngeles Zapata, comparti\u00f3 algunos de los casos m\u00e1s sonados en cuanto a las investigaciones del tema de suicidio, e hizo hincapi\u00e9 en que<strong>\u00a0\u201cla violencia escala\u201d<\/strong>, por lo que es importante denunciar y hacerlo antes de que sea demasiado tarde.Para concluir, el Magistrado del Poder Judicial Gerardo Lara P\u00e9rez, explic\u00f3 el proceso de denuncia; d\u00f3nde, c\u00f3mo hacerlo y qui\u00e9n puede presentarla. As\u00ed como las medidas cautelares, los\u00a0<strong>derechos del demandante y del demandado.<\/strong>El Magistrado sedi\u00f3 la palabra a la Procuradora de la Defensa de Ni\u00f1as, Ni\u00f1os, Adolescentes y Adultos Mayores, para dar a conocer el programa \u201cCu\u00eddame\u201d a los j\u00f3venes presentes, quienes pueden denunciar si sufren alg\u00fan tipo de violencia a trav\u00e9s de la\u00a0<strong>l\u00ednea telef\u00f3nica del DIF Lerdo 871 725 3032.<\/strong><\/p>\n","protected":false},"excerpt":{"rendered":"<p>06 de noviembre de 2024.- La directora del IMM, Mar\u00eda del Refugio Adame G\u00fcereca, comparti\u00f3 con los presentes que, seg\u00fan la ONU, diariamente 39 mujeres son asesinadas en Latinoamerica. \u201cel feminicidio (asesinato de mujeres por razones de g\u00e9nero) es una forma extrema de\u00a0violencia de g\u00e9nero y una violaci\u00f3n a los derechos humanos\u00a0que puede incluir violencia&#8230;<\/p>\n","protected":false},"author":1,"featured_media":3249,"comment_status":"open","ping_status":"open","sticky":false,"template":"","format":"standard","meta":{"footnotes":""},"categories":[3],"tags":[],"class_list":["post-3248","post","type-post","status-publish","format-standard","has-post-thumbnail","hentry","category-lerdo"],"_links":{"self":[{"href":"https:\/\/lagumex.mx\/index\/wp-json\/wp\/v2\/posts\/3248","targetHints":{"allow":["GET"]}}],"collection":[{"href":"https:\/\/lagumex.mx\/index\/wp-json\/wp\/v2\/posts"}],"about":[{"href":"https:\/\/lagumex.mx\/index\/wp-json\/wp\/v2\/types\/post"}],"author":[{"embeddable":true,"href":"https:\/\/lagumex.mx\/index\/wp-json\/wp\/v2\/users\/1"}],"replies":[{"embeddable":true,"href":"https:\/\/lagumex.mx\/index\/wp-json\/wp\/v2\/comments?post=3248"}],"version-history":[{"count":1,"href":"https:\/\/lagumex.mx\/index\/wp-json\/wp\/v2\/posts\/3248\/revisions"}],"predecessor-version":[{"id":3250,"href":"https:\/\/lagumex.mx\/index\/wp-json\/wp\/v2\/posts\/3248\/revisions\/3250"}],"wp:featuredmedia":[{"embeddable":true,"href":"https:\/\/lagumex.mx\/index\/wp-json\/wp\/v2\/media\/3249"}],"wp:attachment":[{"href":"https:\/\/lagumex.mx\/index\/wp-json\/wp\/v2\/media?parent=3248"}],"wp:term":[{"taxonomy":"category","embeddable":true,"href":"https:\/\/lagumex.mx\/index\/wp-json\/wp\/v2\/categories?post=3248"},{"taxonomy":"post_tag","embeddable":true,"href":"https:\/\/lagumex.mx\/index\/wp-json\/wp\/v2\/tags?post=3248"}],"curies":[{"name":"wp","href":"https:\/\/api.w.org\/{rel}","templated":true}]}}