{"id":3239,"date":"2024-11-13T00:12:28","date_gmt":"2024-11-13T00:12:28","guid":{"rendered":"http:\/\/lagumex.mx\/index\/?p=3239"},"modified":"2024-11-14T00:15:16","modified_gmt":"2024-11-14T00:15:16","slug":"homero-martinez-y-susy-torrecillas-entregan-obra-de-rehabilitacion-y-reubicacion-de-la-ubr","status":"publish","type":"post","link":"https:\/\/lagumex.mx\/index\/lerdo\/homero-martinez-y-susy-torrecillas-entregan-obra-de-rehabilitacion-y-reubicacion-de-la-ubr\/","title":{"rendered":"Homero Mart\u00ednez y Susy Torrecillas entregan obra de rehabilitaci\u00f3n y reubicaci\u00f3n de la UBR"},"content":{"rendered":"\n<p>13 de noviembre de 2024.- Con el corte de list\u00f3n, el\u00a0<strong>Presidente Municipal Homero Mart\u00ednez Cabrera, junto a la diputada local y presidenta Honoraria del DIF Lerdo, Susy Torrecillas Salazar<\/strong>, dieron apertura a la<strong>\u00a0Unidad B\u00e1sica de Rehabilitaci\u00f3n (UBR)<\/strong>, en el fraccionamiento San Juan I.  <em>\u00abHoy es un d\u00eda muy importante para el DIF Municipal, gracias Homero por confiar en nosotros, este es el resultado que hacemos con amor, donde damos servicios de calidad en beneficio para toda la gente de Lerdo\u00bb celebr\u00f3.<\/em>Tambi\u00e9n reconoci\u00f3 a todo el equipo del DIF, a sus\u00a0<strong>psicol\u00f3gicas, terapeutas y fisioterapeutas<\/strong>, as\u00ed como especialistas en la salud, Licenciados e Ingenieros, que se preocupan por los lerdenses y d\u00eda a d\u00eda ponen todo su esfuerzo y dedicaci\u00f3n para servir.El Alcalde de Lerdo, Homero Mart\u00ednez se\u00f1al\u00f3 que la reubicaci\u00f3n de la UBR ser\u00eda el primer paso para dignificar las \u00e1reas del Sistema para el Desarrollo Integral de la Familia (DIF) en Lerdo, pues lo siguiente es ampliar los espacios de la Procuradur\u00eda de la Defensa para Ni\u00f1as, Ni\u00f1os, Adolescentes y Adultos Mayores, garantizando as\u00ed, los servicios de calidad.<\/p>\n","protected":false},"excerpt":{"rendered":"<p>13 de noviembre de 2024.- Con el corte de list\u00f3n, el\u00a0Presidente Municipal Homero Mart\u00ednez Cabrera, junto a la diputada local y presidenta Honoraria del DIF Lerdo, Susy Torrecillas Salazar, dieron apertura a la\u00a0Unidad B\u00e1sica de Rehabilitaci\u00f3n (UBR), en el fraccionamiento San Juan I. \u00abHoy es un d\u00eda muy importante para el DIF Municipal, gracias Homero&#8230;<\/p>\n","protected":false},"author":1,"featured_media":3240,"comment_status":"open","ping_status":"open","sticky":false,"template":"","format":"standard","meta":{"footnotes":""},"categories":[3],"tags":[],"class_list":["post-3239","post","type-post","status-publish","format-standard","has-post-thumbnail","hentry","category-lerdo"],"_links":{"self":[{"href":"https:\/\/lagumex.mx\/index\/wp-json\/wp\/v2\/posts\/3239","targetHints":{"allow":["GET"]}}],"collection":[{"href":"https:\/\/lagumex.mx\/index\/wp-json\/wp\/v2\/posts"}],"about":[{"href":"https:\/\/lagumex.mx\/index\/wp-json\/wp\/v2\/types\/post"}],"author":[{"embeddable":true,"href":"https:\/\/lagumex.mx\/index\/wp-json\/wp\/v2\/users\/1"}],"replies":[{"embeddable":true,"href":"https:\/\/lagumex.mx\/index\/wp-json\/wp\/v2\/comments?post=3239"}],"version-history":[{"count":1,"href":"https:\/\/lagumex.mx\/index\/wp-json\/wp\/v2\/posts\/3239\/revisions"}],"predecessor-version":[{"id":3241,"href":"https:\/\/lagumex.mx\/index\/wp-json\/wp\/v2\/posts\/3239\/revisions\/3241"}],"wp:featuredmedia":[{"embeddable":true,"href":"https:\/\/lagumex.mx\/index\/wp-json\/wp\/v2\/media\/3240"}],"wp:attachment":[{"href":"https:\/\/lagumex.mx\/index\/wp-json\/wp\/v2\/media?parent=3239"}],"wp:term":[{"taxonomy":"category","embeddable":true,"href":"https:\/\/lagumex.mx\/index\/wp-json\/wp\/v2\/categories?post=3239"},{"taxonomy":"post_tag","embeddable":true,"href":"https:\/\/lagumex.mx\/index\/wp-json\/wp\/v2\/tags?post=3239"}],"curies":[{"name":"wp","href":"https:\/\/api.w.org\/{rel}","templated":true}]}}