{"id":323,"date":"2023-05-22T23:04:00","date_gmt":"2023-05-22T23:04:00","guid":{"rendered":"http:\/\/lagumex.mx\/index\/?p=323"},"modified":"2023-06-16T18:05:49","modified_gmt":"2023-06-16T18:05:49","slug":"encabeza-gobernador-del-estado-ceremonia-civica-en-escuela-primaria-lucio-blanco-en-torreon","status":"publish","type":"post","link":"https:\/\/lagumex.mx\/index\/uncategorized\/uac\/uac-uac\/coahuila-coahuila\/encabeza-gobernador-del-estado-ceremonia-civica-en-escuela-primaria-lucio-blanco-en-torreon\/","title":{"rendered":"Encabeza Gobernador del Estado ceremonia c\u00edvica en Escuela Primaria Lucio Blanco, en Torre\u00f3n"},"content":{"rendered":"\n<h2 class=\"wp-block-heading\">El Gobernador del Estado asisti\u00f3 a la Escuela Primaria \u201cLucio Blanco\u201d, en esta ciudad, en donde se llev\u00f3 a cabo la ceremonia c\u00edvica de Honores a la Bandera, mismos que estuvieron a cargo de la escolta y banda de guerra del 33 Batall\u00f3n de Infanter\u00eda.<\/h2>\n\n\n\n<p>En su mensaje, el Mandatario estatal se dijo gustoso de estar en este centro escolar, que tiene m\u00e1s de 50 a\u00f1os de servicio, para saludar a las ni\u00f1as y ni\u00f1os, y mencion\u00f3 que mucha gente que se ha encontrado en el camino ha pasado por estas aulas, tal es el caso del Magistrado Presidente del Tribunal Superior de Justicia del Estado.<\/p>\n\n\n\n<p>oment\u00f3 que fue todo un reto retornar a las aulas en medio de la pandemia, desde donde se da la oportunidad a los infantes de desarrollarse y seguir aprendiendo en un entorno de seguridad y tranquilidad.<\/p>\n\n\n\n<p>El Magistrado Presidente del Tribunal Superior de Justicia y ex alumno de esta escuela primaria, reconoci\u00f3 la importancia de que la comunidad estudiantil tenga un mejor plantel, pues esto permite mejorar la calidad de la educaci\u00f3n.<\/p>\n\n\n\n<p>Ren\u00e9 Garc\u00eda Barrera, Director de la Escuela Primaria \u201cLucio Blanco\u201d, expres\u00f3 su gusto por recibir al Gobernador, y mencion\u00f3 que como instituci\u00f3n buscan fortalecer tres valores: Respeto, trabajo y disciplina.<\/p>\n\n\n\n<p>\u201cSin duda el trabajo en equipo es trascendental; esta instituci\u00f3n inici\u00f3 operaciones en 1970 y muchas cosas se han vivido a lo largo de m\u00e1s de 50 a\u00f1os. Hoy se tiene un colectivo docente que mantiene un trabajo arduo y constante. Se procura la participaci\u00f3n activa y la disciplina en esta instituci\u00f3n para completar un c\u00edrculo virtuoso donde las ni\u00f1as y ni\u00f1os resulten beneficiados\u201d, se\u00f1al\u00f3 el Director del plantel.<\/p>\n\n\n\n<p>En este evento estuvieron presentes, adem\u00e1s, el Secretario de Educaci\u00f3n de Coahuila; Antonio Guti\u00e9rrez Jard\u00f3n, diputado federal; Luis Jorge Cuerda, regidor del Ayuntamiento de Torre\u00f3n, y el Coronel de Infanter\u00eda DEM El\u00edas Alejandro Palomares Villegas, Comandante de la 33 Batall\u00f3n de Infanter\u00eda.<\/p>\n","protected":false},"excerpt":{"rendered":"<p>El Gobernador del Estado asisti\u00f3 a la Escuela Primaria \u201cLucio Blanco\u201d, en esta ciudad, en donde se llev\u00f3 a cabo la ceremonia c\u00edvica de Honores a la Bandera, mismos que estuvieron a cargo de la escolta y banda de guerra del 33 Batall\u00f3n de Infanter\u00eda. En su mensaje, el Mandatario estatal se dijo gustoso de&#8230;<\/p>\n","protected":false},"author":1,"featured_media":0,"comment_status":"open","ping_status":"open","sticky":false,"template":"","format":"standard","meta":{"footnotes":""},"categories":[2,6],"tags":[],"class_list":["post-323","post","type-post","status-publish","format-standard","hentry","category-coahuila-coahuila","category-uncategorized"],"_links":{"self":[{"href":"https:\/\/lagumex.mx\/index\/wp-json\/wp\/v2\/posts\/323","targetHints":{"allow":["GET"]}}],"collection":[{"href":"https:\/\/lagumex.mx\/index\/wp-json\/wp\/v2\/posts"}],"about":[{"href":"https:\/\/lagumex.mx\/index\/wp-json\/wp\/v2\/types\/post"}],"author":[{"embeddable":true,"href":"https:\/\/lagumex.mx\/index\/wp-json\/wp\/v2\/users\/1"}],"replies":[{"embeddable":true,"href":"https:\/\/lagumex.mx\/index\/wp-json\/wp\/v2\/comments?post=323"}],"version-history":[{"count":1,"href":"https:\/\/lagumex.mx\/index\/wp-json\/wp\/v2\/posts\/323\/revisions"}],"predecessor-version":[{"id":324,"href":"https:\/\/lagumex.mx\/index\/wp-json\/wp\/v2\/posts\/323\/revisions\/324"}],"wp:attachment":[{"href":"https:\/\/lagumex.mx\/index\/wp-json\/wp\/v2\/media?parent=323"}],"wp:term":[{"taxonomy":"category","embeddable":true,"href":"https:\/\/lagumex.mx\/index\/wp-json\/wp\/v2\/categories?post=323"},{"taxonomy":"post_tag","embeddable":true,"href":"https:\/\/lagumex.mx\/index\/wp-json\/wp\/v2\/tags?post=323"}],"curies":[{"name":"wp","href":"https:\/\/api.w.org\/{rel}","templated":true}]}}