{"id":3205,"date":"2024-11-03T23:56:26","date_gmt":"2024-11-03T23:56:26","guid":{"rendered":"http:\/\/lagumex.mx\/index\/?p=3205"},"modified":"2024-11-13T23:57:55","modified_gmt":"2024-11-13T23:57:55","slug":"iniciativas-de-inteligencia-artificial-que-impulsa-esteban-villegas-posicionaran-a-durango-en-el-futuro","status":"publish","type":"post","link":"https:\/\/lagumex.mx\/index\/durango\/iniciativas-de-inteligencia-artificial-que-impulsa-esteban-villegas-posicionaran-a-durango-en-el-futuro\/","title":{"rendered":"Iniciativas de inteligencia artificial que impulsa Esteban Villegas, posicionar\u00e1n a Durango en el futuro"},"content":{"rendered":"\n<p>03 de noviembre de 2024.- Panelistas internacionales del Seminario DuranIA destacan alta capacidad de universidades duranguenses y la buena preparaci\u00f3n de los estudiantes.<\/p>\n\n\n\n<p>\u201cLas iniciativas de inteligencia artificial que impulsa el Gobierno Estatal, van a posicionar a Durango en el futuro\u201d, aseguraron panelistas del seminario DuranIA, al reunirse con el gobernador Esteban Villegas Villarreal y resaltar que esta es la forma en la que los gobiernos necesitan actuar.<\/p>\n\n\n\n<p>Alejandra Lagunes, l\u00edder de la Alianza Nacional de Inteligencia Artificial, celebr\u00f3 el lanzamiento de DuranIA, proyecto que consider\u00f3,&nbsp; busca que las futuras generaciones, lo usen y desarrollen para detonar el desarrollo y crecimiento de Durango.<\/p>\n\n\n\n<p>\u201cEl mensaje para los estudiantes y egresados, es que abracen esta tecnolog\u00eda, que aprendan, estamos en el momento en el que se necesita de j\u00f3venes con capacidades y habilidades para desarrollar esta tecnolog\u00eda, as\u00ed que ac\u00e9rquense a DuranIA y vu\u00e9lvanse desarrolladores de inteligencia artificial\u201d, exhort\u00f3.<\/p>\n\n\n\n<p>Carlos Mats de la empresa Inteligencia Kinetica Artificial (IKA), comparti\u00f3 que dicha reuni\u00f3n fue muy positiva, resalt\u00f3 que el Gobernador est\u00e1 en la mejor disposici\u00f3n y trabajan juntos para implementar ciencia y tecnolog\u00eda en el Gobierno; adem\u00e1s destac\u00f3 que las universidades duranguenses tienen una capacidad t\u00e9cnica bastante alta y los estudiantes est\u00e1n muy bien preparados.<\/p>\n\n\n\n<p>\u201cEn Durango son punta de lanza en la iniciativa y estoy muy orgulloso de que este estado vea al futuro, es muy necesario que las empresas se den cuenta de la capacidad que hay aqu\u00ed, para que esos j\u00f3venes puedan formar parte de grandes empresas y traer inversi\u00f3n a la entidad; es por eso que la plataforma DuranIA fue creada y estoy aqu\u00ed para ayudarles en lo que necesiten\u201d, a\u00f1adi\u00f3.<\/p>\n\n\n\n<p>Nazly Borrero V\u00e1squez CIO de Cyber Risk Intelligence, asegur\u00f3 que DuranIA es un proyecto bastante prometedor, de innovaci\u00f3n y liderazgo del estado, por ello, la empresa que ella representa se suma en la parte de ciberseguridad; \u201cesto es algo que va a dar pie a que Durango sea el l\u00edder de otros estados para que tambi\u00e9n implementen el tema de la inteligencia artificial\u201d.<\/p>\n\n\n\n<p>Cabe recordar que, durante el primer Seminario Internacional de Inteligencia Artificial Humana, se present\u00f3 formalmente la estrategia DuranIA, ah\u00ed dieron a conocer las principales l\u00edneas de trabajo, as\u00ed como actores principales, esto ante representantes de empresas y conferencistas internacionales.<\/p>\n\n\n\n<p>Se tuvo la participaci\u00f3n de panelistas de Argentina, China, Colombia y M\u00e9xico, quienes se reunieron adem\u00e1s con el gobernador Esteban Villegas durante su estancia en Durango, para compartir puntos de vista sobre lo que le depara a Durango en el futuro en materia de inteligencia artificial.<\/p>\n","protected":false},"excerpt":{"rendered":"<p>03 de noviembre de 2024.- Panelistas internacionales del Seminario DuranIA destacan alta capacidad de universidades duranguenses y la buena preparaci\u00f3n de los estudiantes. \u201cLas iniciativas de inteligencia artificial que impulsa el Gobierno Estatal, van a posicionar a Durango en el futuro\u201d, aseguraron panelistas del seminario DuranIA, al reunirse con el gobernador Esteban Villegas Villarreal y&#8230;<\/p>\n","protected":false},"author":1,"featured_media":3206,"comment_status":"open","ping_status":"open","sticky":false,"template":"","format":"standard","meta":{"footnotes":""},"categories":[1],"tags":[],"class_list":["post-3205","post","type-post","status-publish","format-standard","has-post-thumbnail","hentry","category-durango"],"_links":{"self":[{"href":"https:\/\/lagumex.mx\/index\/wp-json\/wp\/v2\/posts\/3205","targetHints":{"allow":["GET"]}}],"collection":[{"href":"https:\/\/lagumex.mx\/index\/wp-json\/wp\/v2\/posts"}],"about":[{"href":"https:\/\/lagumex.mx\/index\/wp-json\/wp\/v2\/types\/post"}],"author":[{"embeddable":true,"href":"https:\/\/lagumex.mx\/index\/wp-json\/wp\/v2\/users\/1"}],"replies":[{"embeddable":true,"href":"https:\/\/lagumex.mx\/index\/wp-json\/wp\/v2\/comments?post=3205"}],"version-history":[{"count":1,"href":"https:\/\/lagumex.mx\/index\/wp-json\/wp\/v2\/posts\/3205\/revisions"}],"predecessor-version":[{"id":3207,"href":"https:\/\/lagumex.mx\/index\/wp-json\/wp\/v2\/posts\/3205\/revisions\/3207"}],"wp:featuredmedia":[{"embeddable":true,"href":"https:\/\/lagumex.mx\/index\/wp-json\/wp\/v2\/media\/3206"}],"wp:attachment":[{"href":"https:\/\/lagumex.mx\/index\/wp-json\/wp\/v2\/media?parent=3205"}],"wp:term":[{"taxonomy":"category","embeddable":true,"href":"https:\/\/lagumex.mx\/index\/wp-json\/wp\/v2\/categories?post=3205"},{"taxonomy":"post_tag","embeddable":true,"href":"https:\/\/lagumex.mx\/index\/wp-json\/wp\/v2\/tags?post=3205"}],"curies":[{"name":"wp","href":"https:\/\/api.w.org\/{rel}","templated":true}]}}