{"id":3202,"date":"2024-11-02T23:54:57","date_gmt":"2024-11-02T23:54:57","guid":{"rendered":"http:\/\/lagumex.mx\/index\/?p=3202"},"modified":"2024-11-13T23:56:25","modified_gmt":"2024-11-13T23:56:25","slug":"honra-gobierno-estatal-memoria-de-pedro-avila-nevarez-hombre-cercano-a-la-gente-y-dedicado-a-su-pueblo","status":"publish","type":"post","link":"https:\/\/lagumex.mx\/index\/durango\/honra-gobierno-estatal-memoria-de-pedro-avila-nevarez-hombre-cercano-a-la-gente-y-dedicado-a-su-pueblo\/","title":{"rendered":"Honra Gobierno Estatal memoria de Pedro \u00c1vila Nev\u00e1rez, hombre cercano a la gente y dedicado a su pueblo"},"content":{"rendered":"\n<p>02 de noviembre de 2024.-\u201cEn este lugar descansan las mentes m\u00e1s brillantes y acuciosas, las manos m\u00e1s h\u00e1biles e incansables, los corazones m\u00e1s valientes y apasionados, las personalidades m\u00e1s temerarias y comprometidas con su tiempo y circunstancia\u201d: Francisco Javier P\u00e9rez Meza, orador oficial.<\/p>\n\n\n\n<p>Este 02 de noviembre, el Gobierno del Estado que encabeza Esteban Villegas Villarreal, reconoci\u00f3 a los hombres y mujeres ilustres que en vida aportaron al desarrollo de la entidad duranguense con un merecido homenaje en la Rotonda del Pante\u00f3n de Oriente.<\/p>\n\n\n\n<p>Francisco Javier P\u00e9rez Meza, director del Instituto de Cultura del Estado de Durango (ICED), fue el orador oficial en representaci\u00f3n del Jefe del Ejecutivo, donde mencion\u00f3 que &nbsp;\u201cen este lugar descansan las mentes m\u00e1s brillantes y acuciosas, las manos m\u00e1s h\u00e1biles e incansables, los corazones m\u00e1s valientes y apasionados, las personalidades m\u00e1s temerarias y comprometidas con su tiempo y circunstancia, pagan aqu\u00ed tributo a la tierra estos personajes esperando seguir siendo ejemplo, gu\u00eda e inspiraci\u00f3n para las y los duranguenses y mexicanos actuales\u201d.<\/p>\n\n\n\n<p>All\u00ed, el titular del ICED, reconoci\u00f3 a nombre del Gobierno del Estado y a unos d\u00edas de su cuarto aniversario luctuoso, el pr\u00f3ximo 22 de noviembre, al l\u00edder social y pol\u00edtico duranguense Pedro \u00c1vila Nev\u00e1rez; \u201cesta labor de reconocimiento no hubiera sido posible sin la intervenci\u00f3n de un gran l\u00edder social identificado con las causas y las necesidades de la gente, el m\u00e1s villista entre los villistas, y al m\u00e1s desinteresado y humilde luchador de los necesitados, Don Pedro \u00c1vila\u201d.&nbsp;&nbsp;<\/p>\n\n\n\n<p>Ariel Maa L\u00f3pez, secretario general de la Confederaci\u00f3n Nacional de Organizaciones Populares en el Estado de Durango (CNOP), honr\u00f3 la memoria de \u00c1vila Nev\u00e1rez, \u201csu vida fue ejemplo de dedicaci\u00f3n y compromiso hacia el servicio de los dem\u00e1s, su legado nos inspira a seguir abanderando las causas m\u00e1s nobles, se ha convertido en un referente para quienes habitamos esta tierra, su visi\u00f3n sigue siendo compartida hasta hoy por nuestro gobernador Esteban Villegas\u201d.<\/p>\n\n\n\n<p>A partir de este a\u00f1o, se brindar\u00e1 respeto fuera de la rotonda a las urnas de diferentes personajes, en esta ocasi\u00f3n se distingui\u00f3 los restos de los Insurgentes que acompa\u00f1aron al padre Miguel Hidalgo y Costilla, despu\u00e9s de que perdieron en la batalla del Puente de Calder\u00f3n en Guadalajara: el presb\u00edtero Mariano Balleza; presb\u00edtero Ignacio Hidalgo y Mu\u00f1oz; presb\u00edtero Pedro de Bustamante; Fray Carlos Medina; Fray Bernardo Conde y el Fray Ignacio Jim\u00e9nez.&nbsp;&nbsp;<\/p>\n\n\n\n<p>En la Rotonda descansan 43 personajes cuyas vidas y legados se elevan al cielo a trav\u00e9s de bellas columnas que parecen tocar el infinito, entre ellos se encuentran: Fanny Anit\u00faa, Mercedes Mendoza, Francisco Zarco, Juana Belem Guti\u00e9rrez, Jes\u00fas Agust\u00edn Castro, Tomas Urbina, Orestes Pereyra, Silvestre Dorador, Domingo Arrieta, Severino Ceniceros, Elpidio Gabriel Vel\u00e1zquez, Jes\u00fas Arias, Calixto Contreras, Jos\u00e9 Mar\u00eda Patoni, Francisco G\u00f3mez Palacio, Juan Hern\u00e1ndez y Mar\u00edn, Antonio Gaxiola, Felipe Pescador, Javier G\u00f3mez, Alberto Alvarado, Bruno Mart\u00ednez, Juan Villalobos, Francisca Esc\u00e1rcega, por mencionar algunos.<\/p>\n\n\n\n<p>Durante el homenaje, los asistentes realizaron los honores a la bandera, autoridades estatales y municipales montaron una guardia de honor al interior del sepulcro de las mujeres y hombres ilustres; posteriormente se llev\u00f3 a cabo el Toque de Silencio con la banda de guerra, as\u00ed como la Salva de Honor a cargo de personal de Seguridad P\u00fablica Estatal.<\/p>\n","protected":false},"excerpt":{"rendered":"<p>02 de noviembre de 2024.-\u201cEn este lugar descansan las mentes m\u00e1s brillantes y acuciosas, las manos m\u00e1s h\u00e1biles e incansables, los corazones m\u00e1s valientes y apasionados, las personalidades m\u00e1s temerarias y comprometidas con su tiempo y circunstancia\u201d: Francisco Javier P\u00e9rez Meza, orador oficial. Este 02 de noviembre, el Gobierno del Estado que encabeza Esteban Villegas&#8230;<\/p>\n","protected":false},"author":1,"featured_media":3203,"comment_status":"open","ping_status":"open","sticky":false,"template":"","format":"standard","meta":{"footnotes":""},"categories":[1],"tags":[],"class_list":["post-3202","post","type-post","status-publish","format-standard","has-post-thumbnail","hentry","category-durango"],"_links":{"self":[{"href":"https:\/\/lagumex.mx\/index\/wp-json\/wp\/v2\/posts\/3202","targetHints":{"allow":["GET"]}}],"collection":[{"href":"https:\/\/lagumex.mx\/index\/wp-json\/wp\/v2\/posts"}],"about":[{"href":"https:\/\/lagumex.mx\/index\/wp-json\/wp\/v2\/types\/post"}],"author":[{"embeddable":true,"href":"https:\/\/lagumex.mx\/index\/wp-json\/wp\/v2\/users\/1"}],"replies":[{"embeddable":true,"href":"https:\/\/lagumex.mx\/index\/wp-json\/wp\/v2\/comments?post=3202"}],"version-history":[{"count":1,"href":"https:\/\/lagumex.mx\/index\/wp-json\/wp\/v2\/posts\/3202\/revisions"}],"predecessor-version":[{"id":3204,"href":"https:\/\/lagumex.mx\/index\/wp-json\/wp\/v2\/posts\/3202\/revisions\/3204"}],"wp:featuredmedia":[{"embeddable":true,"href":"https:\/\/lagumex.mx\/index\/wp-json\/wp\/v2\/media\/3203"}],"wp:attachment":[{"href":"https:\/\/lagumex.mx\/index\/wp-json\/wp\/v2\/media?parent=3202"}],"wp:term":[{"taxonomy":"category","embeddable":true,"href":"https:\/\/lagumex.mx\/index\/wp-json\/wp\/v2\/categories?post=3202"},{"taxonomy":"post_tag","embeddable":true,"href":"https:\/\/lagumex.mx\/index\/wp-json\/wp\/v2\/tags?post=3202"}],"curies":[{"name":"wp","href":"https:\/\/api.w.org\/{rel}","templated":true}]}}