{"id":3184,"date":"2024-10-29T17:17:00","date_gmt":"2024-10-29T17:17:00","guid":{"rendered":"http:\/\/lagumex.mx\/index\/?p=3184"},"modified":"2024-11-04T17:19:30","modified_gmt":"2024-11-04T17:19:30","slug":"proponen-que-sea-a-traves-de-diversos-mecanismos-que-implemente-el-dif-municipal","status":"publish","type":"post","link":"https:\/\/lagumex.mx\/index\/lerdo\/proponen-que-sea-a-traves-de-diversos-mecanismos-que-implemente-el-dif-municipal\/","title":{"rendered":"Proponen que sea a trav\u00e9s de diversos mecanismos que implemente el DIF Municipal"},"content":{"rendered":"\n<p>29 de octubre de 2024.- Con el objetivo de disminuir los casos de trabajo infantil en la Regi\u00f3n Lagunera de Durango, el regidor Samir Rivera gener\u00f3 un posicionamiento y a su vez una invitaci\u00f3n el Sistema para el Desarrollo Integral de la Familia as\u00ed como a la Procuradur\u00eda de la Defensa del Menor y el Adolescente para que se sigan haciendo esfuerzos sobre esta situaci\u00f3n que a\u00fan prevalece en diversos puntos del Municipio de Lerdo. \u201cSi ven alg\u00fan ni\u00f1o vendiendo dulces, que anda en altas horas de la noche, nos hemos tomado ni\u00f1os que andan pidiendo dinero exhortar y que indiquen alg\u00fan n\u00famero a d\u00f3nde podamos reportar para que se vaya inhibiendo y los ni\u00f1os los saquen de la calle\u201d, recalc\u00f3.<\/p>\n\n\n\n<p>Rivera explic\u00f3 que se trata de una situaci\u00f3n que se puede mejorar entre todas las dependencias municipales de Gobierno como tambi\u00e9n la Direcci\u00f3n de Seguridad P\u00fablica, \u201csobre todo tambi\u00e9n como Prevenci\u00f3n Social para que nos ayude a que todos los ni\u00f1os que anden por ah\u00ed en la calle vendiendo dulces o pidiendo dinero, nos avisen y que los canalicemos a las escuelas donde deben estar\u201d, indic\u00f3.<\/p>\n","protected":false},"excerpt":{"rendered":"<p>29 de octubre de 2024.- Con el objetivo de disminuir los casos de trabajo infantil en la Regi\u00f3n Lagunera de Durango, el regidor Samir Rivera gener\u00f3 un posicionamiento y a su vez una invitaci\u00f3n el Sistema para el Desarrollo Integral de la Familia as\u00ed como a la Procuradur\u00eda de la Defensa del Menor y el&#8230;<\/p>\n","protected":false},"author":1,"featured_media":3185,"comment_status":"open","ping_status":"open","sticky":false,"template":"","format":"standard","meta":{"footnotes":""},"categories":[3],"tags":[],"class_list":["post-3184","post","type-post","status-publish","format-standard","has-post-thumbnail","hentry","category-lerdo"],"_links":{"self":[{"href":"https:\/\/lagumex.mx\/index\/wp-json\/wp\/v2\/posts\/3184","targetHints":{"allow":["GET"]}}],"collection":[{"href":"https:\/\/lagumex.mx\/index\/wp-json\/wp\/v2\/posts"}],"about":[{"href":"https:\/\/lagumex.mx\/index\/wp-json\/wp\/v2\/types\/post"}],"author":[{"embeddable":true,"href":"https:\/\/lagumex.mx\/index\/wp-json\/wp\/v2\/users\/1"}],"replies":[{"embeddable":true,"href":"https:\/\/lagumex.mx\/index\/wp-json\/wp\/v2\/comments?post=3184"}],"version-history":[{"count":1,"href":"https:\/\/lagumex.mx\/index\/wp-json\/wp\/v2\/posts\/3184\/revisions"}],"predecessor-version":[{"id":3186,"href":"https:\/\/lagumex.mx\/index\/wp-json\/wp\/v2\/posts\/3184\/revisions\/3186"}],"wp:featuredmedia":[{"embeddable":true,"href":"https:\/\/lagumex.mx\/index\/wp-json\/wp\/v2\/media\/3185"}],"wp:attachment":[{"href":"https:\/\/lagumex.mx\/index\/wp-json\/wp\/v2\/media?parent=3184"}],"wp:term":[{"taxonomy":"category","embeddable":true,"href":"https:\/\/lagumex.mx\/index\/wp-json\/wp\/v2\/categories?post=3184"},{"taxonomy":"post_tag","embeddable":true,"href":"https:\/\/lagumex.mx\/index\/wp-json\/wp\/v2\/tags?post=3184"}],"curies":[{"name":"wp","href":"https:\/\/api.w.org\/{rel}","templated":true}]}}