{"id":3172,"date":"2024-10-29T13:53:00","date_gmt":"2024-10-29T13:53:00","guid":{"rendered":"http:\/\/lagumex.mx\/index\/?p=3172"},"modified":"2024-11-01T13:55:24","modified_gmt":"2024-11-01T13:55:24","slug":"mi-compromiso-es-brindarles-herramientas-a-los-medicos-para-que-realicen-su-labor-esteban","status":"publish","type":"post","link":"https:\/\/lagumex.mx\/index\/durango\/mi-compromiso-es-brindarles-herramientas-a-los-medicos-para-que-realicen-su-labor-esteban\/","title":{"rendered":"Mi compromiso es brindarles herramientas a los m\u00e9dicos para que realicen su labor: Esteban"},"content":{"rendered":"\n<p>29 de octubre de 2024.- \u201cUsted ha cumplido su palabra de fortalecer y mejorar el Sistema de Salud en Durango: m\u00e9dico Jos\u00e9 Alberto Escobedo.<\/p>\n\n\n\n<p>G\u00f3mez Palacio, Dgo.- \u201cMi trabajo es darles lo que requieren para que hagan mejor su labor y la gente se sienta bien atendida\u201d, expres\u00f3 el gobernador Esteban Villegas Villarreal al celebrar el D\u00eda del M\u00e9dico en La Laguna con una amena convivencia, donde estuvo acompa\u00f1ado de la alcaldesa, Leticia Herrera Ale y el titular de la Secretar\u00eda de Salud, Mois\u00e9s N\u00e1jera Torres.<\/p>\n\n\n\n<p>\u201cCuenten con todo mi apoyo y todo mi respaldo para que empezando el 2025, ustedes tengan mejores condiciones\u201d, les dijo el Mandatario al reconocer el esfuerzo de doctoras y doctores de esta regi\u00f3n a quienes convoc\u00f3 a mantenerse unidos y \u201cjalar la carreta para un mismo lado\u201d, al tener como prioridad la salud de los duranguenses.<\/p>\n\n\n\n<p>\u00abEl orgullo de ser doctor se vive d\u00eda a d\u00eda en la esperanza de los pacientes, y el acompa\u00f1amiento en cada una de las etapas de la vida\u00bb, dijo el m\u00e9dico Jos\u00e9 Alberto Escobedo Reyes al agradecer al Gobernador por el apoyo para encontrar \u00e1reas de oportunidad en el sistema de salud para resolverlas y brindar las herramientas necesarias para su desarrollo como galenos.<\/p>\n\n\n\n<p>\u00abGobernador, est\u00e1 cumplida su palabra, como lo dijo en aquel abril de 2023: la salud de nuestra gente no puede esperar; usted y su esposa han fortalecido el sistema de salud, con la contrataci\u00f3n de personal, equipamiento, insumos, uniformes, entre otras cosas, que garantiza un mejor servicio y digno de los duranguenses; tenemos un sistema de salud que se est\u00e1 recuperando\u00bb, destac\u00f3.<\/p>\n\n\n\n<p>\u201cUstedes han estado al pie del ca\u00f1\u00f3n, al pendiente de nuestra poblaci\u00f3n, les agradezco toda esa atenci\u00f3n que le dan a la gente, esa entrega con la que desempe\u00f1an sus funciones, pero sobre todo la labor que realizan d\u00eda a d\u00eda desde su trinchera\u201d, expres\u00f3 el titular de la Secretar\u00eda de Salud, Mois\u00e9s N\u00e1jera Torres, al refrendar que para el Gobierno de Esteban, es de suma importancia la atenci\u00f3n de calidad y calidez que se le brinda a los duranguenses.<\/p>\n\n\n\n<p>La alcaldesa, Leticia Herrera Ale, felicit\u00f3 a los m\u00e9dicos por su compromiso, entrega y pasi\u00f3n para cuidar la vida de sus pacientes, \u00abmerecen todo mi respeto por su responsabilidad para aliviar a los duranguenses\u00bb, apunt\u00f3.<\/p>\n\n\n\n<p>Para celebrar el D\u00eda del M\u00e9dico, el Gobierno Estatal les organiz\u00f3 un desayuno a las y los doctores laguneros, quienes al finalizar disfrutaron de un divertido show a cargo del showmen Andreas Zanetti.<\/p>\n","protected":false},"excerpt":{"rendered":"<p>29 de octubre de 2024.- \u201cUsted ha cumplido su palabra de fortalecer y mejorar el Sistema de Salud en Durango: m\u00e9dico Jos\u00e9 Alberto Escobedo. G\u00f3mez Palacio, Dgo.- \u201cMi trabajo es darles lo que requieren para que hagan mejor su labor y la gente se sienta bien atendida\u201d, expres\u00f3 el gobernador Esteban Villegas Villarreal al celebrar&#8230;<\/p>\n","protected":false},"author":1,"featured_media":3173,"comment_status":"open","ping_status":"open","sticky":false,"template":"","format":"standard","meta":{"footnotes":""},"categories":[1],"tags":[],"class_list":["post-3172","post","type-post","status-publish","format-standard","has-post-thumbnail","hentry","category-durango"],"_links":{"self":[{"href":"https:\/\/lagumex.mx\/index\/wp-json\/wp\/v2\/posts\/3172","targetHints":{"allow":["GET"]}}],"collection":[{"href":"https:\/\/lagumex.mx\/index\/wp-json\/wp\/v2\/posts"}],"about":[{"href":"https:\/\/lagumex.mx\/index\/wp-json\/wp\/v2\/types\/post"}],"author":[{"embeddable":true,"href":"https:\/\/lagumex.mx\/index\/wp-json\/wp\/v2\/users\/1"}],"replies":[{"embeddable":true,"href":"https:\/\/lagumex.mx\/index\/wp-json\/wp\/v2\/comments?post=3172"}],"version-history":[{"count":1,"href":"https:\/\/lagumex.mx\/index\/wp-json\/wp\/v2\/posts\/3172\/revisions"}],"predecessor-version":[{"id":3174,"href":"https:\/\/lagumex.mx\/index\/wp-json\/wp\/v2\/posts\/3172\/revisions\/3174"}],"wp:featuredmedia":[{"embeddable":true,"href":"https:\/\/lagumex.mx\/index\/wp-json\/wp\/v2\/media\/3173"}],"wp:attachment":[{"href":"https:\/\/lagumex.mx\/index\/wp-json\/wp\/v2\/media?parent=3172"}],"wp:term":[{"taxonomy":"category","embeddable":true,"href":"https:\/\/lagumex.mx\/index\/wp-json\/wp\/v2\/categories?post=3172"},{"taxonomy":"post_tag","embeddable":true,"href":"https:\/\/lagumex.mx\/index\/wp-json\/wp\/v2\/tags?post=3172"}],"curies":[{"name":"wp","href":"https:\/\/api.w.org\/{rel}","templated":true}]}}