{"id":3161,"date":"2024-10-25T13:48:00","date_gmt":"2024-10-25T13:48:00","guid":{"rendered":"http:\/\/lagumex.mx\/index\/?p=3161"},"modified":"2024-11-01T13:49:13","modified_gmt":"2024-11-01T13:49:13","slug":"explota-de-color-y-brillo-la-laguna-con-marea-rosa-glow-5k","status":"publish","type":"post","link":"https:\/\/lagumex.mx\/index\/durango\/explota-de-color-y-brillo-la-laguna-con-marea-rosa-glow-5k\/","title":{"rendered":"Explota de color y brillo La Laguna con \u201cMarea Rosa Glow 5k\u201d"},"content":{"rendered":"\n<p>25 de octubre de 2024.-<em>Lo recaudado ser<\/em><em>\u00e1<\/em><em> destinado para construir la Cl<\/em><em>\u00ed<\/em><em>nica de Atenci<\/em><em>\u00f3<\/em><em>n de C<\/em><em>\u00e1<\/em><em>ncer de mama.<\/em><\/p>\n\n\n\n<p>G\u00f3mez Palacio, Dgo.- Tal como se esperaba, con gran \u00e9xito y participaci\u00f3n, se llev\u00f3 a cabo la carrera \u201cMarea Rosa Glow 5K\u201d, en La Laguna, donde por primera vez cientos de familias disfrutaron de un recorrido nocturno y luminoso junto a la presidenta del DIF Estatal, Marisol Rosso y el gobernador Esteban Villegas Villarreal, unidos en un solo objetivo: luchar contra el c\u00e1ncer de mama.<\/p>\n\n\n\n<p>Con la Torre Eiffel como escenario, familias completas de G\u00f3mez Palacio y Lerdo, se dieron cita para vivir la explosi\u00f3n de colores, acompa\u00f1ados de m\u00fasica y mucha alegr\u00eda, quienes al participar se hicieron acreedores a la primera parte de la medalla conmemorativa coleccionable, que completar\u00e1 el coraz\u00f3n DIF con las siguientes ediciones de la carrera Marea Rosa.<\/p>\n\n\n\n<p>\u201cEsta fue una experiencia \u00fanica, gracias a todos por participar\u201d expres\u00f3 Marisol al recordar que lo recaudado ser\u00e1 destinado para crear la Cl\u00ednica de Atenci\u00f3n de C\u00e1ncer de Mama, y en esta edici\u00f3n junto a la que se realizar\u00e1 en Durango, se espera romper la cifra de los 800 mil pesos del a\u00f1o pasado, para as\u00ed, apoyar a las mujeres guerreras.<\/p>\n\n\n\n<p>A esta actividad con causa se sumaron la presidenta de G\u00f3mez Palacio, Leticia Herrera Ale, el alcalde de Lerdo, Homero Mart\u00ednez, legisladoras locales y funcionarios estatales.<\/p>\n","protected":false},"excerpt":{"rendered":"<p>25 de octubre de 2024.-Lo recaudado ser\u00e1 destinado para construir la Cl\u00ednica de Atenci\u00f3n de C\u00e1ncer de mama. G\u00f3mez Palacio, Dgo.- Tal como se esperaba, con gran \u00e9xito y participaci\u00f3n, se llev\u00f3 a cabo la carrera \u201cMarea Rosa Glow 5K\u201d, en La Laguna, donde por primera vez cientos de familias disfrutaron de un recorrido nocturno&#8230;<\/p>\n","protected":false},"author":1,"featured_media":0,"comment_status":"open","ping_status":"open","sticky":false,"template":"","format":"standard","meta":{"footnotes":""},"categories":[1],"tags":[],"class_list":["post-3161","post","type-post","status-publish","format-standard","hentry","category-durango"],"_links":{"self":[{"href":"https:\/\/lagumex.mx\/index\/wp-json\/wp\/v2\/posts\/3161","targetHints":{"allow":["GET"]}}],"collection":[{"href":"https:\/\/lagumex.mx\/index\/wp-json\/wp\/v2\/posts"}],"about":[{"href":"https:\/\/lagumex.mx\/index\/wp-json\/wp\/v2\/types\/post"}],"author":[{"embeddable":true,"href":"https:\/\/lagumex.mx\/index\/wp-json\/wp\/v2\/users\/1"}],"replies":[{"embeddable":true,"href":"https:\/\/lagumex.mx\/index\/wp-json\/wp\/v2\/comments?post=3161"}],"version-history":[{"count":1,"href":"https:\/\/lagumex.mx\/index\/wp-json\/wp\/v2\/posts\/3161\/revisions"}],"predecessor-version":[{"id":3162,"href":"https:\/\/lagumex.mx\/index\/wp-json\/wp\/v2\/posts\/3161\/revisions\/3162"}],"wp:attachment":[{"href":"https:\/\/lagumex.mx\/index\/wp-json\/wp\/v2\/media?parent=3161"}],"wp:term":[{"taxonomy":"category","embeddable":true,"href":"https:\/\/lagumex.mx\/index\/wp-json\/wp\/v2\/categories?post=3161"},{"taxonomy":"post_tag","embeddable":true,"href":"https:\/\/lagumex.mx\/index\/wp-json\/wp\/v2\/tags?post=3161"}],"curies":[{"name":"wp","href":"https:\/\/api.w.org\/{rel}","templated":true}]}}