{"id":3148,"date":"2024-10-21T13:42:00","date_gmt":"2024-10-21T13:42:00","guid":{"rendered":"http:\/\/lagumex.mx\/index\/?p=3148"},"modified":"2024-11-01T13:43:38","modified_gmt":"2024-11-01T13:43:38","slug":"lleva-marisol-el-primer-cafe-rosa-a-medios-de-comunicacion-de-la-laguna","status":"publish","type":"post","link":"https:\/\/lagumex.mx\/index\/durango\/lleva-marisol-el-primer-cafe-rosa-a-medios-de-comunicacion-de-la-laguna\/","title":{"rendered":"Lleva Marisol el primer \u00abCaf\u00e9 Rosa\u00bb a medios de comunicaci\u00f3n de La Laguna"},"content":{"rendered":"\n<p>21 de octubre de 2024.- Invitan a participar en \u201cMarea Rosa Glow 5k\u201d,\u00a0este viernes 25 de octubre a las 19 horas en G\u00f3mez Palacio; lo recaudado ser\u00e1 construir la Cl\u00ednica de Atenci\u00f3n de C\u00e1ncer de Mama de la Mujer.<\/p>\n\n\n\n<p>G\u00f3mez Palacio, Dgo. La prevenci\u00f3n del c\u00e1ncer de mama debe llegar a todos, por ello,&nbsp;la presidenta del DIF Estatal, Marisol Rosso Rivera, realiz\u00f3 un \u201cCaf\u00e9 Rosa\u201d con representantes de los medios de comunicaci\u00f3n de la Regi\u00f3n Laguna y junto a la presidenta municipal, Leticia Herrera Ale, el titular de Comunicaci\u00f3n Social de Gobierno del Estado, V\u00edctor Hugo Hern\u00e1ndez y personal especializado, recalcaron la importancia de que esta informaci\u00f3n llegue a todos los rincones del estado.<\/p>\n\n\n\n<p>&nbsp;\u201cUstedes nos ayudan a llevar la comunicaci\u00f3n&nbsp;d\u00eda con d\u00eda, pero estamos tan atareados que nos olvidamos que tambi\u00e9n debemos estar bien de salud\u201d, les dijo Rosso Rivera a las y los comunicadores laguneros, quienes mediante una din\u00e1mica conocieron los factores de riesgo, as\u00ed como el proceso de la autoexploraci\u00f3n para diagnosticar esta enfermedad oportunamente.<\/p>\n\n\n\n<p>El Museo Interactivo \u201cAcertijo\u201d, fue el lugar desde donde Marisol inform\u00f3 que este mes, la Ruta de la Salud se convirti\u00f3 en rosa, y con lo recaudado en la Carrera Marea Rosa del a\u00f1o pasado se pudo adquirir un mast\u00f3grafo con valor de m\u00e1s de 10 millones de pesos, \u201ces un antes y un despu\u00e9s en el tema de prevenci\u00f3n del c\u00e1ncer de mama, antes se realizaban 600 mastograf\u00edas al a\u00f1o, hoy, en tan solo tres semanas llevamos m\u00e1s de 300 y 8 mil consultas gracias a las Rutas de la Salud\u201d.<\/p>\n\n\n\n<p>Leticia Herrera, presidenta municipal, asegur\u00f3 que esta pl\u00e1tica es la primera que se realiz\u00f3 con medios de comunicaci\u00f3n, \u201cella ha recorrido todo el estado y lo \u00fanico que les puedo decir es que nos revisemos. Agradezco su presencia, gracias amiga Marisol, por hacer este \u2018Caf\u00e9 Rosa\u2019 para nuestros amigos de los medios\u201d.<\/p>\n\n\n\n<p>V\u00edctor Hern\u00e1ndez, director de Comunicaci\u00f3n Social de Gobierno del Estado, aprovech\u00f3 el espacio para dar la bienvenida a los diferentes representantes de los medios de comunicaci\u00f3n y reconocer el esfuerzo y la visi\u00f3n de Marisol Rosso, el cual se traduce en acciones todo el a\u00f1o, \u201ccon su chispa y&nbsp;energ\u00eda,&nbsp;en dos a\u00f1os ha sabido liderar este equipo, ser funcionaria y madre. DIF tiene acciones todo el a\u00f1o, son proyectos que tocan el alma de la gente y cambian la vida\u201d.<\/p>\n\n\n\n<p>La subdirectora de Epidemiolog\u00eda y Medicina Preventiva, Citlali Sol\u00eds Campos, comparti\u00f3 datos importantes de esta enfermedad, sus factores de riesgo as\u00ed como el proceso de la autoexploraci\u00f3n para diagnosticar oportunamente alguna anormalidad en los senos, \u201ctenemos que estar preparados y tenemos que cuidarnos, el c\u00e1ncer no respeta edad ni g\u00e9nero, ya que tambi\u00e9n puede afectar a los hombres\u201d, a\u00f1adi\u00f3 la doctora.<\/p>\n\n\n\n<p>Para concluir el mes rosa, DIF Estatal realizar\u00e1 la carrera \u201cMarea Rosa Glow 5k\u201d,&nbsp;por primera vez de manera nocturna, en la Comarca Lagunera, la convivencia se llevar\u00e1 a cabo el viernes 25 de octubre; la salida y meta ser\u00e1 en la Torre Eiffel ubicada en bulevar Gonz\u00e1lez de Vega de G\u00f3mez Palacio en punto de las 19:00 horas. En la capital, se realizar\u00e1 el s\u00e1bado 26 de octubre a las 19:00 horas, teniendo como escenario el bulevar G\u00f3mez Mor\u00edn.<\/p>\n\n\n\n<p>Cabe destacar que el recurso recaudado ser\u00e1 utilizado para construir la Cl\u00ednica de Atenci\u00f3n de C\u00e1ncer de Mama de la Mujer, la cual operar\u00e1 de manera gratuita.<\/p>\n","protected":false},"excerpt":{"rendered":"<p>21 de octubre de 2024.- Invitan a participar en \u201cMarea Rosa Glow 5k\u201d,\u00a0este viernes 25 de octubre a las 19 horas en G\u00f3mez Palacio; lo recaudado ser\u00e1 construir la Cl\u00ednica de Atenci\u00f3n de C\u00e1ncer de Mama de la Mujer. G\u00f3mez Palacio, Dgo. La prevenci\u00f3n del c\u00e1ncer de mama debe llegar a todos, por ello,&nbsp;la presidenta&#8230;<\/p>\n","protected":false},"author":1,"featured_media":3149,"comment_status":"open","ping_status":"open","sticky":false,"template":"","format":"standard","meta":{"footnotes":""},"categories":[1],"tags":[],"class_list":["post-3148","post","type-post","status-publish","format-standard","has-post-thumbnail","hentry","category-durango"],"_links":{"self":[{"href":"https:\/\/lagumex.mx\/index\/wp-json\/wp\/v2\/posts\/3148","targetHints":{"allow":["GET"]}}],"collection":[{"href":"https:\/\/lagumex.mx\/index\/wp-json\/wp\/v2\/posts"}],"about":[{"href":"https:\/\/lagumex.mx\/index\/wp-json\/wp\/v2\/types\/post"}],"author":[{"embeddable":true,"href":"https:\/\/lagumex.mx\/index\/wp-json\/wp\/v2\/users\/1"}],"replies":[{"embeddable":true,"href":"https:\/\/lagumex.mx\/index\/wp-json\/wp\/v2\/comments?post=3148"}],"version-history":[{"count":1,"href":"https:\/\/lagumex.mx\/index\/wp-json\/wp\/v2\/posts\/3148\/revisions"}],"predecessor-version":[{"id":3150,"href":"https:\/\/lagumex.mx\/index\/wp-json\/wp\/v2\/posts\/3148\/revisions\/3150"}],"wp:featuredmedia":[{"embeddable":true,"href":"https:\/\/lagumex.mx\/index\/wp-json\/wp\/v2\/media\/3149"}],"wp:attachment":[{"href":"https:\/\/lagumex.mx\/index\/wp-json\/wp\/v2\/media?parent=3148"}],"wp:term":[{"taxonomy":"category","embeddable":true,"href":"https:\/\/lagumex.mx\/index\/wp-json\/wp\/v2\/categories?post=3148"},{"taxonomy":"post_tag","embeddable":true,"href":"https:\/\/lagumex.mx\/index\/wp-json\/wp\/v2\/tags?post=3148"}],"curies":[{"name":"wp","href":"https:\/\/api.w.org\/{rel}","templated":true}]}}