{"id":3124,"date":"2024-10-13T13:32:00","date_gmt":"2024-10-13T13:32:00","guid":{"rendered":"http:\/\/lagumex.mx\/index\/?p=3124"},"modified":"2024-11-01T13:33:17","modified_gmt":"2024-11-01T13:33:17","slug":"lleva-esteban-villegas-obras-a-vicente-guerrero-por-mas-de-32-mdp","status":"publish","type":"post","link":"https:\/\/lagumex.mx\/index\/durango\/lleva-esteban-villegas-obras-a-vicente-guerrero-por-mas-de-32-mdp\/","title":{"rendered":"Lleva Esteban Villegas obras a Vicente Guerrero por m\u00e1s de 32 mdp"},"content":{"rendered":"\n<p>13 de octubre de 2024.-Tambi\u00e9n se dot\u00f3 de equipo policial, paquetes alimentarios y anunci\u00f3 campa\u00f1as gratuitas en cirug\u00edas de cataratas, estrabismo y aparatos funcionales por parte del DIF Estatal para las familias que m\u00e1s lo necesitan.<\/p>\n\n\n\n<p>Con una inversi\u00f3n de 32 millones de pesos, el gobernador Esteban Villegas Villarreal inaugur\u00f3 en el municipio de Vicente Guerrero, obras deportivas, educativas, hidr\u00e1ulicas, rehabilitaci\u00f3n de caminos, equipamiento policial y apoyos alimentarios gratuitos, adem\u00e1s de arrancar la construcci\u00f3n del parque lineal, acciones que rescatan los espacios abandonados, fomentan la integraci\u00f3n familiar como brindar mayor calidad en los servicios, seguridad y flujo en la econom\u00eda de la regi\u00f3n.&nbsp;<\/p>\n\n\n\n<p>\u201cPara que vean todo lo que queremos a Vicente Guerrero\u201d, expres\u00f3 el Mandatario Estatal, al entregar obras deportivas y familiares como el parque p\u00fablico en la comunidad Graseros, donde se rescataron \u00e1reas de gran tradici\u00f3n como los lavaderos p\u00fablicos; tambi\u00e9n entreg\u00f3 un domo reforzado, arranc\u00f3 parque lineal y supervis\u00f3 otras acciones hidr\u00e1ulicas, educativas y de caminos rurales, acciones que han permitido impulsar al municipio a favor de la econom\u00eda de sus familias.<\/p>\n\n\n\n<p>Enumer\u00f3 algunas de las obras m\u00e1s significativas que se realizan con recurso de este 2024, como la construcci\u00f3n de un parque p\u00fablico en su segunda etapa en San Francisco Javier, biblioteca en San Pedro de Alcal\u00e1, rehabilitaci\u00f3n del parque p\u00fablico en Graseros, el arranque del parque lineal, la rehabilitaci\u00f3n&nbsp; de superficie de rodamiento de San Jos\u00e9 de la Parrilla a San Isidro de Murillo, sistema de agua potable en la cabecera, rehabilitaci\u00f3n de calles, como el camino San Pedro de Alcal\u00e1 a la Soledad ya terminado, pavimentaci\u00f3n e iluminaci\u00f3n en algunas entradas de las principales localidades.<\/p>\n\n\n\n<p>Adem\u00e1s de los uniformes, se llevaron m\u00e1s de 3 mil 564 apoyos alimentarios anualmente a trav\u00e9s de DIF Estatal y mil 400 raciones de desayunos escolares; de igual forma dieron a conocer algunas acciones educativas como la barda perimetral en primaria Roberta Calzada Saucedo, equipamiento de aula virtual al Colegio de Bachilleres y sustituci\u00f3n de piso de edificios, y la nueva aula did\u00e1ctica;&nbsp; en la secundaria 56, aulas de medios y obras, rehabilitaci\u00f3n de servicios sanitarios, igualmente en la primaria \u201cVicente Guerrero\u201d, piso para aulas en la primaria \u201cRam\u00edrez Casta\u00f1eda\u201d, entre las obras de este a\u00f1o.<\/p>\n\n\n\n<p>\u00abEn Vicente Guerrero, no hab\u00edamos tenido un Gobernador tan entregado y cercano a la gente\u00bb, afirm\u00f3 la alcaldesa Juana Acevedo Ibarra, al asegurar que estas obras vienen a cambiar la vida de los guerrerenses, as\u00ed como el nuevo parque y las otras obras que realmente le cambiaran el rostro a su municipio como una mejor vida a sus habitantes.<\/p>\n\n\n\n<p>A nombre de los beneficiarios, el se\u00f1or Manuel Soto de la comunidad de San Francisco Javier, agradeci\u00f3 por tanta obra que se ha concretado y otras en puerta, como canchas de futbol, el parque, caminos, entre otras; \u201cles agradezco y que sigamos apoyando a nuestro Gobernador y a la presidenta para que se sigan concretando estos proyectos\u201d.<\/p>\n\n\n\n<p>En esta gira de trabajo tambi\u00e9n estuvieron la secretaria de Comunicaciones y Obras P\u00fablicas, Ana Rosa Hern\u00e1ndez Renter\u00eda, la titular de la Comisi\u00f3n del Agua del Estado, Yadira Narv\u00e1ez Salas, el secretario del Bienestar Social, David Pay\u00e1n Guerrero, de Salud, Mois\u00e9s N\u00e1jera Torres, de Seguridad P\u00fablica, Oscar Galv\u00e1n Villarreal, quienes atendieron las solicitudes para esta zona de la ciudad, para continuar el trabajo en equipo del Gobierno del Estado a favor de todos los duranguenses.<\/p>\n","protected":false},"excerpt":{"rendered":"<p>13 de octubre de 2024.-Tambi\u00e9n se dot\u00f3 de equipo policial, paquetes alimentarios y anunci\u00f3 campa\u00f1as gratuitas en cirug\u00edas de cataratas, estrabismo y aparatos funcionales por parte del DIF Estatal para las familias que m\u00e1s lo necesitan. Con una inversi\u00f3n de 32 millones de pesos, el gobernador Esteban Villegas Villarreal inaugur\u00f3 en el municipio de Vicente&#8230;<\/p>\n","protected":false},"author":1,"featured_media":3125,"comment_status":"open","ping_status":"open","sticky":false,"template":"","format":"standard","meta":{"footnotes":""},"categories":[1],"tags":[],"class_list":["post-3124","post","type-post","status-publish","format-standard","has-post-thumbnail","hentry","category-durango"],"_links":{"self":[{"href":"https:\/\/lagumex.mx\/index\/wp-json\/wp\/v2\/posts\/3124","targetHints":{"allow":["GET"]}}],"collection":[{"href":"https:\/\/lagumex.mx\/index\/wp-json\/wp\/v2\/posts"}],"about":[{"href":"https:\/\/lagumex.mx\/index\/wp-json\/wp\/v2\/types\/post"}],"author":[{"embeddable":true,"href":"https:\/\/lagumex.mx\/index\/wp-json\/wp\/v2\/users\/1"}],"replies":[{"embeddable":true,"href":"https:\/\/lagumex.mx\/index\/wp-json\/wp\/v2\/comments?post=3124"}],"version-history":[{"count":1,"href":"https:\/\/lagumex.mx\/index\/wp-json\/wp\/v2\/posts\/3124\/revisions"}],"predecessor-version":[{"id":3126,"href":"https:\/\/lagumex.mx\/index\/wp-json\/wp\/v2\/posts\/3124\/revisions\/3126"}],"wp:featuredmedia":[{"embeddable":true,"href":"https:\/\/lagumex.mx\/index\/wp-json\/wp\/v2\/media\/3125"}],"wp:attachment":[{"href":"https:\/\/lagumex.mx\/index\/wp-json\/wp\/v2\/media?parent=3124"}],"wp:term":[{"taxonomy":"category","embeddable":true,"href":"https:\/\/lagumex.mx\/index\/wp-json\/wp\/v2\/categories?post=3124"},{"taxonomy":"post_tag","embeddable":true,"href":"https:\/\/lagumex.mx\/index\/wp-json\/wp\/v2\/tags?post=3124"}],"curies":[{"name":"wp","href":"https:\/\/api.w.org\/{rel}","templated":true}]}}