{"id":3116,"date":"2024-10-17T03:43:45","date_gmt":"2024-10-17T03:43:45","guid":{"rendered":"http:\/\/lagumex.mx\/index\/?p=3116"},"modified":"2024-10-31T03:44:33","modified_gmt":"2024-10-31T03:44:33","slug":"mas-inclusion-y-trato-humano-piden-diputados-a-la-cedh","status":"publish","type":"post","link":"https:\/\/lagumex.mx\/index\/uncategorized\/congreso-de-durango\/mas-inclusion-y-trato-humano-piden-diputados-a-la-cedh\/","title":{"rendered":"M\u00e1s inclusi\u00f3n y trato humano piden diputados a la CEDH"},"content":{"rendered":"\n<p>17 de octubre de 2024.- Durante la comparecencia de la presidenta de la Comisi\u00f3n Estatal de Derechos Humanos (CEDH) Karla Obreg\u00f3n Avelar, las y los diputados locales centraron sus cuestionamientos sobre despenalizaci\u00f3n del aborto, los avances en la implementaci\u00f3n de las leyes de la cultura de la paz en territorio y las acciones para apoyar los sectores vulnerables de la poblaci\u00f3n.<\/p>\n\n\n\n<p>Al presentar su segundo informe de actividades ante el Pleno del Congreso de Estado, la titular de la CEDH, destac\u00f3 que se recibieron 925 quejas, lo que representa una disminuci\u00f3n del 8.5% respecto al periodo anterior. Adem\u00e1s, resalt\u00f3 la realizaci\u00f3n de 2,155 actividades de capacitaci\u00f3n, socializaci\u00f3n y difusi\u00f3n de los derechos humanos en todo el estado.<\/p>\n\n\n\n<p>Durante la ronda de preguntas y posicionamientos, a nombre del Grupo Parlamentario de Morena, la diputada Flora Leal M\u00e9ndez cuestion\u00f3 los avances en el Centro de Evaluaci\u00f3n y Certificaci\u00f3n de la CEDH. Por su parte, la diputada Delia Enr\u00edquez Arriaga se pronunci\u00f3 a favor del derecho al aborto, preguntando sobre las acciones emprendidas junto a los sectores feministas para avanzar en la despenalizaci\u00f3n del aborto en la entidad; ambas diputadas reafirmaron su compromiso de seguir trabajando para construir un Durango m\u00e1s justo e inclusivo.<\/p>\n\n\n\n<p>Desde el Grupo Parlamentario del PRI, la diputada Sughey Torres Rodr\u00edguez resalt\u00f3 la importancia de la iniciativa Ley de la Comisi\u00f3n Estatal de Derechos Humanos. Sin embargo, consider\u00f3 que es necesario fortalecer la estructura de la CEDH para asegurar que los derechos lleguen a todos los sectores de la ciudadan\u00eda, especialmente a los m\u00e1s vulnerables. En ese sentido, pregunt\u00f3 si la Comisi\u00f3n cuenta con los m\u00f3dulos suficientes para alcanzar a las personas que m\u00e1s necesitan protecci\u00f3n.<\/p>\n\n\n\n<p>Por su parte, Alejandro Mojica, coordinador del Grupo Parlamentario del PAN, se interes\u00f3 por los avances en la implementaci\u00f3n de las leyes relacionadas con la cultura de la paz en las comunidades. Tambi\u00e9n destac\u00f3 el trabajo conjunto del DIF en la remodelaci\u00f3n del Boulevard Las Mangas, proyecto que gener\u00f3 oportunidades de autoempleo, adem\u00e1s solicit\u00f3 informaci\u00f3n sobre los resultados de las capacitaciones impartidas a maestros y su impacto en el entorno escolar.<\/p>\n\n\n\n<p>Finalmente, el diputado Mart\u00edn Vivanco de Movimiento Ciudadano expres\u00f3 su inter\u00e9s sobre los avances de los mecanismos alternativos de soluci\u00f3n de controversia, por lo que pregunt\u00f3 cuales son los beneficios que brinda a la ciudadan\u00eda y si ya han operado en Durango.<\/p>\n","protected":false},"excerpt":{"rendered":"<p>17 de octubre de 2024.- Durante la comparecencia de la presidenta de la Comisi\u00f3n Estatal de Derechos Humanos (CEDH) Karla Obreg\u00f3n Avelar, las y los diputados locales centraron sus cuestionamientos sobre despenalizaci\u00f3n del aborto, los avances en la implementaci\u00f3n de las leyes de la cultura de la paz en territorio y las acciones para apoyar&#8230;<\/p>\n","protected":false},"author":1,"featured_media":3117,"comment_status":"open","ping_status":"open","sticky":false,"template":"","format":"standard","meta":{"footnotes":""},"categories":[13],"tags":[],"class_list":["post-3116","post","type-post","status-publish","format-standard","has-post-thumbnail","hentry","category-congreso-de-durango"],"_links":{"self":[{"href":"https:\/\/lagumex.mx\/index\/wp-json\/wp\/v2\/posts\/3116","targetHints":{"allow":["GET"]}}],"collection":[{"href":"https:\/\/lagumex.mx\/index\/wp-json\/wp\/v2\/posts"}],"about":[{"href":"https:\/\/lagumex.mx\/index\/wp-json\/wp\/v2\/types\/post"}],"author":[{"embeddable":true,"href":"https:\/\/lagumex.mx\/index\/wp-json\/wp\/v2\/users\/1"}],"replies":[{"embeddable":true,"href":"https:\/\/lagumex.mx\/index\/wp-json\/wp\/v2\/comments?post=3116"}],"version-history":[{"count":1,"href":"https:\/\/lagumex.mx\/index\/wp-json\/wp\/v2\/posts\/3116\/revisions"}],"predecessor-version":[{"id":3118,"href":"https:\/\/lagumex.mx\/index\/wp-json\/wp\/v2\/posts\/3116\/revisions\/3118"}],"wp:featuredmedia":[{"embeddable":true,"href":"https:\/\/lagumex.mx\/index\/wp-json\/wp\/v2\/media\/3117"}],"wp:attachment":[{"href":"https:\/\/lagumex.mx\/index\/wp-json\/wp\/v2\/media?parent=3116"}],"wp:term":[{"taxonomy":"category","embeddable":true,"href":"https:\/\/lagumex.mx\/index\/wp-json\/wp\/v2\/categories?post=3116"},{"taxonomy":"post_tag","embeddable":true,"href":"https:\/\/lagumex.mx\/index\/wp-json\/wp\/v2\/tags?post=3116"}],"curies":[{"name":"wp","href":"https:\/\/api.w.org\/{rel}","templated":true}]}}