{"id":311,"date":"2023-05-29T22:20:00","date_gmt":"2023-05-29T22:20:00","guid":{"rendered":"http:\/\/lagumex.mx\/index\/?p=311"},"modified":"2023-06-16T17:22:23","modified_gmt":"2023-06-16T17:22:23","slug":"invita-uadec-a-la-muestra-final-de-talleres-artisticos-del-periodo-enero-junio-2023","status":"publish","type":"post","link":"https:\/\/lagumex.mx\/index\/uncategorized\/invita-uadec-a-la-muestra-final-de-talleres-artisticos-del-periodo-enero-junio-2023\/","title":{"rendered":"Invita UAdeC a la Muestra Final de Talleres Art\u00edsticos del Periodo Enero-Junio 2023"},"content":{"rendered":"\n<h2 class=\"wp-block-heading\">La Universidad Aut\u00f3noma de Coahuila a trav\u00e9s de la Coordinaci\u00f3n de Difusi\u00f3n y Patrimonio Cultural (DPC) invita a comunidad universitaria y p\u00fablico en general a la muestra final de Talleres Art\u00edsticos, impartidos en el semestre enero-junio 2023, que se desarrollar\u00e1 del 31 de mayo al 3 de junio.<\/h2>\n\n\n\n<p>En el Foro de Grupos y Talleres ubicado en Bulevar Venustiano Carranza #2143 frente al Edificio de Rector\u00eda, las actividades iniciar\u00e1n el mi\u00e9rcoles 31 de mayo a las 16:00 horas con el \u201cRecital de Guitarra\u201d; el jueves 1 de junio a las 17:00 horas con \u201cArte y M\u00fasica\u201d, con Pintura y Grabado y a las 18:00 la presentaci\u00f3n de los grupos de Canto y Piano (A y B).<\/p>\n\n\n\n<p>El viernes 2 de junio a las 18:00 y 19:30 horas, se presentar\u00e1 el Taller de Teatro con la obra \u201cLa Dial\u00e9ctica del Amor\u201d en el Teatro de C\u00e1mara \u201cOtilio Gonz\u00e1lez\u201d ubicado en Bulevar Venustiano Carranza y Salvador Gonz\u00e1lez Lobo #145, Colonia Rep\u00fablica Oriente.<\/p>\n\n\n\n<p>El s\u00e1bado 3 de junio, a las 18:00 horas, concluir\u00e1 la presentaci\u00f3n con los talleres de Danza Folcl\u00f3rica (infantil y juvenil), Baile moderno, Salsa y Danza Polinesia y \u00c1rabe, en la plaza comercial \u201cPaseo Villalta\u201d, ubicada en Bulevar Luis Donaldo Colosio, Residencial Valle de las Palmas.<\/p>\n\n\n\n<p>Para mayores informes visitar la p\u00e1gina de Facebook \u201cTalleres UAdeC\u201d o la de la Coordinaci\u00f3n de Difusi\u00f3n y Patrimonio Cultural, en Twitter @dpcuadec o en Facebook como \u201cDpc.UAdeC\u201d, as\u00ed como comunicarse al tel\u00e9fono (844) 412 54 27.<\/p>\n","protected":false},"excerpt":{"rendered":"<p>La Universidad Aut\u00f3noma de Coahuila a trav\u00e9s de la Coordinaci\u00f3n de Difusi\u00f3n y Patrimonio Cultural (DPC) invita a comunidad universitaria y p\u00fablico en general a la muestra final de Talleres Art\u00edsticos, impartidos en el semestre enero-junio 2023, que se desarrollar\u00e1 del 31 de mayo al 3 de junio. En el Foro de Grupos y Talleres&#8230;<\/p>\n","protected":false},"author":1,"featured_media":312,"comment_status":"open","ping_status":"open","sticky":false,"template":"","format":"standard","meta":{"footnotes":""},"categories":[11,6],"tags":[],"class_list":["post-311","post","type-post","status-publish","format-standard","has-post-thumbnail","hentry","category-uac","category-uncategorized"],"_links":{"self":[{"href":"https:\/\/lagumex.mx\/index\/wp-json\/wp\/v2\/posts\/311","targetHints":{"allow":["GET"]}}],"collection":[{"href":"https:\/\/lagumex.mx\/index\/wp-json\/wp\/v2\/posts"}],"about":[{"href":"https:\/\/lagumex.mx\/index\/wp-json\/wp\/v2\/types\/post"}],"author":[{"embeddable":true,"href":"https:\/\/lagumex.mx\/index\/wp-json\/wp\/v2\/users\/1"}],"replies":[{"embeddable":true,"href":"https:\/\/lagumex.mx\/index\/wp-json\/wp\/v2\/comments?post=311"}],"version-history":[{"count":1,"href":"https:\/\/lagumex.mx\/index\/wp-json\/wp\/v2\/posts\/311\/revisions"}],"predecessor-version":[{"id":313,"href":"https:\/\/lagumex.mx\/index\/wp-json\/wp\/v2\/posts\/311\/revisions\/313"}],"wp:featuredmedia":[{"embeddable":true,"href":"https:\/\/lagumex.mx\/index\/wp-json\/wp\/v2\/media\/312"}],"wp:attachment":[{"href":"https:\/\/lagumex.mx\/index\/wp-json\/wp\/v2\/media?parent=311"}],"wp:term":[{"taxonomy":"category","embeddable":true,"href":"https:\/\/lagumex.mx\/index\/wp-json\/wp\/v2\/categories?post=311"},{"taxonomy":"post_tag","embeddable":true,"href":"https:\/\/lagumex.mx\/index\/wp-json\/wp\/v2\/tags?post=311"}],"curies":[{"name":"wp","href":"https:\/\/api.w.org\/{rel}","templated":true}]}}