{"id":3095,"date":"2024-10-09T22:09:48","date_gmt":"2024-10-09T22:09:48","guid":{"rendered":"http:\/\/lagumex.mx\/index\/?p=3095"},"modified":"2024-10-10T22:11:59","modified_gmt":"2024-10-10T22:11:59","slug":"anuncia-esteban-villegas-40-mdd-en-inversion-para-durango-se-expande-la-empresa-arauco","status":"publish","type":"post","link":"https:\/\/lagumex.mx\/index\/durango\/anuncia-esteban-villegas-40-mdd-en-inversion-para-durango-se-expande-la-empresa-arauco\/","title":{"rendered":"Anuncia Esteban Villegas 40 mdd en inversi\u00f3n para Durango; se expande la empresa Arauco"},"content":{"rendered":"\n<p>09 de octubre de 2024.- Durango ha sido clave en la expansi\u00f3n de este negocio en M\u00e9xico y va a ser punta de lanza para la integraci\u00f3n de plantas con empresas Norteamericanas: Jos\u00e9 Manuel Hern\u00e1ndez, Director de Arauco.<\/p>\n\n\n\n<p>Con el anuncio de la expansi\u00f3n de la empresa Arauco, espec\u00edficamente del proyecto denominado \u201cAlacr\u00e1n\u201d y que representa una inversi\u00f3n de 40 millones de d\u00f3lares, Durango consolida su desarrollo econ\u00f3mico y contin\u00faa con la atracci\u00f3n de empresas que benefician a los duranguenses, afirm\u00f3 el gobernador Esteban Villegas Villarreal junto a la embajadora de la Rep\u00fablica de Chile en M\u00e9xico, Beatriz S\u00e1nchez Mu\u00f1oz, esto ante medios de comunicaci\u00f3n.<\/p>\n\n\n\n<p>Con la expansi\u00f3n de la planta se van a generar durante el 2025, 70 nuevos empleos directos y 200 indirectos, detall\u00f3 el Mandatario Estatal, al mencionar que Arauco es una empresa que cuida el medio ambiente, lo que va a contribuir a que Durango siga siendo una ciudad sostenible y sustentable.<\/p>\n\n\n\n<p>La obra la realizar\u00e1 una constructora duranguense, que generar\u00e1 600 empleos, lo cual viene a detonar la econom\u00eda en el estado, inform\u00f3 el Gobernador al felicitar a los directivos de Arauco, por el compromiso de atraer empleos para los duranguenses, as\u00ed como brindar un mejor cuidado del medio ambiente.<\/p>\n\n\n\n<p>Al realizar un recorrido por la planta, la embajadora de Chile en M\u00e9xico expres\u00f3 que es interesante estar en Durango y conocer la otra perspectiva, ya que Arauco ofrece sustentabilidad, adem\u00e1s que empodera a las familias que viven en el entorno; \u201cel Gobernador tiene una visi\u00f3n muy clara de lo que quiere para Durango, ya que aqu\u00ed se tiene una potencia forestal, por eso es importante que empresas chilenas se instalen en esta entidad y fortalezcan este sector\u201d, apunt\u00f3.<\/p>\n\n\n\n<p>\u201cHoy damos banderazo de salida a este proyecto que se llama \u2018Alacr\u00e1n\u2019, Durango ha sido clave en la expansi\u00f3n de nuestro negocio en M\u00e9xico y este va a ser punta de lanza para nuestra integraci\u00f3n de las plantas del pa\u00eds con las empresas de Norteam\u00e9rica; vamos a mandar componentes a otras f\u00e1bricas, la posici\u00f3n estrat\u00e9gica de esta entidad, logr\u00f3 esta expansi\u00f3n\u201d, recalc\u00f3 el director de Arauco M\u00e9xico, Jos\u00e9 Manuel Hern\u00e1ndez Ayala, al mencionar que esta fue la \u00fanica inversi\u00f3n en M\u00e9xico en este a\u00f1o y el anterior, negocio que sin duda, no se pudiera hacer sin la industria forestal de esta entidad y su calidad laboral, que permite que el corporativo concrete esta ampliaci\u00f3n y que sea con responsabilidad social.<\/p>\n\n\n\n<p>El director comercial de Chile en M\u00e9xico, Marcelo Sobarzo Anento, resalt\u00f3 el tema de sostenibilidad como importante, justo por el cambio clim\u00e1tico, y que mejor que apoyar estas pr\u00e1cticas, por ello, felicit\u00f3 al corporativo Arauco y al Gobierno del Estado por respaldar estas acciones.<\/p>\n\n\n\n<p>El proyecto \u201cAlacr\u00e1n\u201d consiste en la integraci\u00f3n de Durango a Norteam\u00e9rica, a trav\u00e9s de este plan se van a integrar con 8 plantas productivas de Estados Unidos y Canad\u00e1; desde Durango se har\u00e1 el complejo de impregnaci\u00f3n, el m\u00e1s grande de toda la operaci\u00f3n de Arauco a nivel mundial, donde se van a producir componentes que se van a embarcar cada semana a las f\u00e1bricas.<\/p>\n\n\n\n<p>Durante el recorrido por la planta, acompa\u00f1aron al Mandatario, el titular de Desarrollo Econ\u00f3mico, Fernando Rosas Palafox, la secretaria de Recursos Naturales y Medio Ambiente, Claudia Hern\u00e1ndez Espino, la titular de la Comisi\u00f3n del Agua del Estado, Yadira Narv\u00e1ez Salas; el director de Proyectos y Programas Estrat\u00e9gicos, Jaciel Chac\u00f3n Bueno, el titular de Comunicaci\u00f3n Social, V\u00edctor Hugo Hern\u00e1ndez Fuentes y el subsecretario de Desarrollo Empresarial Industrial del Estado, Jos\u00e9 Ricardo L\u00f3pez Sol\u00eds.<\/p>\n","protected":false},"excerpt":{"rendered":"<p>09 de octubre de 2024.- Durango ha sido clave en la expansi\u00f3n de este negocio en M\u00e9xico y va a ser punta de lanza para la integraci\u00f3n de plantas con empresas Norteamericanas: Jos\u00e9 Manuel Hern\u00e1ndez, Director de Arauco. Con el anuncio de la expansi\u00f3n de la empresa Arauco, espec\u00edficamente del proyecto denominado \u201cAlacr\u00e1n\u201d y que&#8230;<\/p>\n","protected":false},"author":1,"featured_media":3096,"comment_status":"open","ping_status":"open","sticky":false,"template":"","format":"standard","meta":{"footnotes":""},"categories":[1],"tags":[],"class_list":["post-3095","post","type-post","status-publish","format-standard","has-post-thumbnail","hentry","category-durango"],"_links":{"self":[{"href":"https:\/\/lagumex.mx\/index\/wp-json\/wp\/v2\/posts\/3095","targetHints":{"allow":["GET"]}}],"collection":[{"href":"https:\/\/lagumex.mx\/index\/wp-json\/wp\/v2\/posts"}],"about":[{"href":"https:\/\/lagumex.mx\/index\/wp-json\/wp\/v2\/types\/post"}],"author":[{"embeddable":true,"href":"https:\/\/lagumex.mx\/index\/wp-json\/wp\/v2\/users\/1"}],"replies":[{"embeddable":true,"href":"https:\/\/lagumex.mx\/index\/wp-json\/wp\/v2\/comments?post=3095"}],"version-history":[{"count":1,"href":"https:\/\/lagumex.mx\/index\/wp-json\/wp\/v2\/posts\/3095\/revisions"}],"predecessor-version":[{"id":3097,"href":"https:\/\/lagumex.mx\/index\/wp-json\/wp\/v2\/posts\/3095\/revisions\/3097"}],"wp:featuredmedia":[{"embeddable":true,"href":"https:\/\/lagumex.mx\/index\/wp-json\/wp\/v2\/media\/3096"}],"wp:attachment":[{"href":"https:\/\/lagumex.mx\/index\/wp-json\/wp\/v2\/media?parent=3095"}],"wp:term":[{"taxonomy":"category","embeddable":true,"href":"https:\/\/lagumex.mx\/index\/wp-json\/wp\/v2\/categories?post=3095"},{"taxonomy":"post_tag","embeddable":true,"href":"https:\/\/lagumex.mx\/index\/wp-json\/wp\/v2\/tags?post=3095"}],"curies":[{"name":"wp","href":"https:\/\/api.w.org\/{rel}","templated":true}]}}