{"id":3089,"date":"2024-09-19T22:06:00","date_gmt":"2024-09-19T22:06:00","guid":{"rendered":"http:\/\/lagumex.mx\/index\/?p=3089"},"modified":"2024-10-10T22:07:27","modified_gmt":"2024-10-10T22:07:27","slug":"martin-vivanco-presenta-iniciativa-para-la-creacion-de-un-sistema-estatal-de-cuidados-en-durango","status":"publish","type":"post","link":"https:\/\/lagumex.mx\/index\/uncategorized\/congreso-de-durango\/martin-vivanco-presenta-iniciativa-para-la-creacion-de-un-sistema-estatal-de-cuidados-en-durango\/","title":{"rendered":"Mart\u00edn Vivanco presenta iniciativa para la creaci\u00f3n de un Sistema Estatal de Cuidados en Durango"},"content":{"rendered":"\n<p>19 de septiembre de 2024.-<em>\u201cEl cuidado no es solo una labor dom\u00e9stica, es un derecho fundamental que todos tenemos y que debe ser protegido por el Estado\u201d Vivanco.<\/em><\/p>\n\n\n\n<p>En su compromiso por mejorar la calidad de vida de los ciudadanos, el diputado Mart\u00edn Vivanco Lira, representante de Movimiento Ciudadano en la LXX Legislatura del Congreso de Durango, present\u00f3 una ambiciosa iniciativa para reformar la Constituci\u00f3n Pol\u00edtica del Estado de Durango en materia de cuidados. Esta propuesta tiene como objetivo garantizar el derecho al cuidado digno para todos los ciudadanos, con especial atenci\u00f3n a los grupos m\u00e1s vulnerables: ni\u00f1os, adolescentes, adultos mayores y personas con discapacidad.<\/p>\n\n\n\n<p>Vivanco destac\u00f3 que la desigualdad estructural entre hombres y mujeres en M\u00e9xico ha provocado una distribuci\u00f3n inequitativa de las labores de cuidado, que recaen desproporcionadamente sobre las mujeres. Esta situaci\u00f3n ha afectado sus derechos fundamentales, limitando su desarrollo profesional y econ\u00f3mico. \u201cEs necesario reconocer el cuidado como un derecho humano universal, asegurando que todas las personas tengan acceso a los cuidados necesarios a lo largo de su vida. Esta iniciativa busca corregir una injusticia hist\u00f3rica y redistribuir equitativamente las labores de cuidado en la sociedad,\u201d afirm\u00f3 Vivanco.<\/p>\n\n\n\n<p>Vivanco subray\u00f3 que esta reforma es un primer paso crucial para garantizar que estas poblaciones vulnerables reciban los cuidados que merecen, sentando las bases para la creaci\u00f3n de un Sistema Estatal de Cuidados.<\/p>\n\n\n\n<p>\u201cEl cuidado no es solo una labor dom\u00e9stica; es un derecho fundamental que debe ser protegido por el Estado. Con esta reforma, dignificamos el trabajo de cuidado, promoviendo una distribuci\u00f3n justa de estas responsabilidades entre hombres y mujeres, y ofreciendo un respaldo institucional a quienes cuidan y son cuidados,\u201d a\u00f1adi\u00f3 Vivanco.<\/p>\n\n\n\n<p>La propuesta contempla la creaci\u00f3n de un Sistema Estatal de Cuidados, que garantizar\u00e1 servicios p\u00fablicos universales, accesibles y de calidad para quienes necesiten cuidados, incluidos enfermos, personas con discapacidad, ni\u00f1os y adultos mayores. El sistema priorizar\u00e1 a quienes viven en condiciones de pobreza y a aquellos que realizan labores de cuidado sin remuneraci\u00f3n.<\/p>\n\n\n\n<p>Vivanco hizo un llamado al Congreso de Durango para que apruebe esta iniciativa, calific\u00e1ndola como un hito en la lucha por la igualdad de g\u00e9nero y los derechos humanos en el estado. \u201cSi queremos una sociedad m\u00e1s justa y equitativa, debemos garantizar que todos, sin excepci\u00f3n, tengan acceso a los cuidados que necesitan para llevar una vida digna,\u201d concluy\u00f3 el diputado.<\/p>\n","protected":false},"excerpt":{"rendered":"<p>19 de septiembre de 2024.-\u201cEl cuidado no es solo una labor dom\u00e9stica, es un derecho fundamental que todos tenemos y que debe ser protegido por el Estado\u201d Vivanco. En su compromiso por mejorar la calidad de vida de los ciudadanos, el diputado Mart\u00edn Vivanco Lira, representante de Movimiento Ciudadano en la LXX Legislatura del Congreso&#8230;<\/p>\n","protected":false},"author":1,"featured_media":3090,"comment_status":"open","ping_status":"open","sticky":false,"template":"","format":"standard","meta":{"footnotes":""},"categories":[13],"tags":[],"class_list":["post-3089","post","type-post","status-publish","format-standard","has-post-thumbnail","hentry","category-congreso-de-durango"],"_links":{"self":[{"href":"https:\/\/lagumex.mx\/index\/wp-json\/wp\/v2\/posts\/3089","targetHints":{"allow":["GET"]}}],"collection":[{"href":"https:\/\/lagumex.mx\/index\/wp-json\/wp\/v2\/posts"}],"about":[{"href":"https:\/\/lagumex.mx\/index\/wp-json\/wp\/v2\/types\/post"}],"author":[{"embeddable":true,"href":"https:\/\/lagumex.mx\/index\/wp-json\/wp\/v2\/users\/1"}],"replies":[{"embeddable":true,"href":"https:\/\/lagumex.mx\/index\/wp-json\/wp\/v2\/comments?post=3089"}],"version-history":[{"count":1,"href":"https:\/\/lagumex.mx\/index\/wp-json\/wp\/v2\/posts\/3089\/revisions"}],"predecessor-version":[{"id":3091,"href":"https:\/\/lagumex.mx\/index\/wp-json\/wp\/v2\/posts\/3089\/revisions\/3091"}],"wp:featuredmedia":[{"embeddable":true,"href":"https:\/\/lagumex.mx\/index\/wp-json\/wp\/v2\/media\/3090"}],"wp:attachment":[{"href":"https:\/\/lagumex.mx\/index\/wp-json\/wp\/v2\/media?parent=3089"}],"wp:term":[{"taxonomy":"category","embeddable":true,"href":"https:\/\/lagumex.mx\/index\/wp-json\/wp\/v2\/categories?post=3089"},{"taxonomy":"post_tag","embeddable":true,"href":"https:\/\/lagumex.mx\/index\/wp-json\/wp\/v2\/tags?post=3089"}],"curies":[{"name":"wp","href":"https:\/\/api.w.org\/{rel}","templated":true}]}}